{"id":131341,"date":"2026-07-20T19:23:24","date_gmt":"2026-07-20T22:23:24","guid":{"rendered":"https:\/\/blogdoedvaldomagalhaes.com.br\/?p=131341"},"modified":"2026-07-20T19:26:13","modified_gmt":"2026-07-20T22:26:13","slug":"governo-do-estado-entrega-viaturas-aeronaves-e-equipamentos-para-forcas-de-seguranca","status":"publish","type":"post","link":"https:\/\/blogdoedvaldomagalhaes.com.br\/index.php\/2026\/07\/20\/governo-do-estado-entrega-viaturas-aeronaves-e-equipamentos-para-forcas-de-seguranca\/","title":{"rendered":"Governo do Estado entrega viaturas, aeronaves e equipamentos para for\u00e7as de seguran\u00e7a"},"content":{"rendered":"\n<p class=\"wp-block-paragraph\">A capacidade de resposta dos agentes das pol\u00edcias Militar e Civil e do Corpo de Bombeiros Militar de Pernambuco ser\u00e1 ampliada a partir da entrega de um novo pacote de equipamentos para as for\u00e7as operativas realizado pelo Governo de Pernambuco, atrav\u00e9s da Secretaria de Defesa Social (SDS). A entrega foi realizada na manh\u00e3 desta segunda-feira (20), no Quartel do Comando Geral da Pol\u00edcia Militar de Pernambuco (PMPE), no Derby, regi\u00e3o central do Recife.<\/p>\n\n\n\n<p class=\"wp-block-paragraph\">Foram entregues para as for\u00e7as de seguran\u00e7a viaturas, helic\u00f3ptero, avi\u00e3o, coletes bal\u00edsticos e reboques de embarca\u00e7\u00f5es, com investimento da ordem de R$ 56,648.083,80. Do total, R$ 2.225.333,00 s\u00e3o oriundos do Fundo Nacional de Seguran\u00e7a P\u00fablica (FNSP), R$ 45.115.219,48 s\u00e3o de opera\u00e7\u00e3o de cr\u00e9dito estadual e R$ 9.307.531,32 do Tesouro Estadual.<\/p>\n\n\n\n<p class=\"wp-block-paragraph\">\u201cAo investir em equipamentos para as nossas operativas, estamos garantindo n\u00e3o apenas o fortalecimento da seguran\u00e7a p\u00fablica, como tamb\u00e9m colaborando para a melhoria das condi\u00e7\u00f5es de trabalho dos profissionais que atuam em todas as regi\u00f5es do Estado, para uma resposta ainda mais r\u00e1pida e efetiva \u00e0s ocorr\u00eancias. Portanto, esses equipamentos chegam para refor\u00e7ar o trabalho das equipes, policiais e bombeiros, contribuindo para a manuten\u00e7\u00e3o do bem-estar e da ordem social da sociedade pernambucana, que \u00e9 a nossa principal miss\u00e3o\u201d, declarou o secret\u00e1rio de Defesa Social, Alessandro Carvalho.<\/p>\n\n\n\n<p class=\"wp-block-paragraph\">No pacote de entregas, destaque para as viaturas: 61 SUV (Chevrolet Spin) locadas, no valor unit\u00e1rio mensal de R$ 6.239,64, das quais 22 unidades para a Pol\u00edcia Militar e 39 unidades para a Pol\u00edcia Civil. Estes ve\u00edculos representam a renova\u00e7\u00e3o cont\u00ednua da frota operacional das pol\u00edcias, no modelo tipo SUV, no quantitativo total de 1.118 unidades.<\/p>\n\n\n\n<p class=\"wp-block-paragraph\">O Corpo de Bombeiros Militar de Pernambuco (CBMPE) tamb\u00e9m foi contemplado com um lote de viaturas e equipamentos especializados, ampliando a capacidade operacional da corpora\u00e7\u00e3o para o combate a inc\u00eandios, para o salvamento aqu\u00e1tico e para o transporte de guarni\u00e7\u00f5es. Foram 4 Auto Tanque (AT), 2 Auto Bomba Tanque e Salvamento (ABTS) e 21 reboques para embarca\u00e7\u00f5es, al\u00e9m de 250 unidades de coletes bal\u00edsticos.<\/p>\n\n\n\n<p class=\"wp-block-paragraph\">As novas viaturas Auto Tanque, equipadas para opera\u00e7\u00f5es de combate a inc\u00eandio com grande autonomia de \u00e1gua, seguir\u00e3o para o 2\u00ba Grupamento de Bombeiros (GB), em Caruaru; o 3\u00ba GB, em Serra Talhada; o 4\u00ba GB, em Petrolina; e o Grupamento de Bombeiros de Inc\u00eandio (GBI), em Jaboat\u00e3o dos Guararapes, na Regi\u00e3o Metropolitana do Recife, unidade que tamb\u00e9m receber\u00e1 as duas viaturas Auto Bomba Tanque e Salvamento. Os 21 reboques para embarca\u00e7\u00f5es ser\u00e3o distribu\u00eddos a organiza\u00e7\u00f5es militares em todas as regi\u00f5es, refor\u00e7ando o servi\u00e7o de salvamento aqu\u00e1tico em rios, a\u00e7udes e no litoral pernambucano.<\/p>\n\n\n\n<p class=\"wp-block-paragraph\">J\u00e1 o Centro Integrado de Opera\u00e7\u00f5es A\u00e9reas (CIOPAer), anteriormente denominado Grupamento T\u00e1tico A\u00e9reo (GTA), \u00f3rg\u00e3o respons\u00e1vel por operacionalizar as atividades de avia\u00e7\u00e3o de seguran\u00e7a p\u00fablica e defesa civil no Estado, foi contemplado com duas aeronaves. Uma delas, o helic\u00f3ptero AIRBUS H-130, al\u00e9m de 1 avi\u00e3o Cessna Grand Caravan. Essas aquisi\u00e7\u00f5es representam um investimento estrat\u00e9gico destinado a melhorar a prontid\u00e3o e a efic\u00e1cia das opera\u00e7\u00f5es de emerg\u00eancia e resposta a desastres.<\/p>\n\n\n\n<p class=\"wp-block-paragraph\">A parceria entre a Seguran\u00e7a P\u00fablica e a Sa\u00fade tem se mostrado essencial para transformar a vida da popula\u00e7\u00e3o pernambucana. \u201cOs investimentos em viaturas, ambul\u00e2ncias, hospitais, delegacias, avi\u00f5es e helic\u00f3pteros t\u00eam um prop\u00f3sito comum: cuidar do nosso povo. A estrutura\u00e7\u00e3o do servi\u00e7o aerom\u00e9dico representa um avan\u00e7o fundamental que permite o transporte de pacientes aos locais de refer\u00eancia onde podem receber o atendimento adequado. A uni\u00e3o de for\u00e7as entre as institui\u00e7\u00f5es fortalece a capacidade de resposta e amplia o alcance do atendimento \u00e0 popula\u00e7\u00e3o\u201d, explica a secret\u00e1ria estadual de Sa\u00fade, Zilda Cavalcanti.<\/p>\n\n\n\n<p class=\"wp-block-paragraph\">Fotos: Divulga\u00e7\u00e3o\/SDS<\/p>\n\n\n\n<p class=\"wp-block-paragraph\"><\/p>\n","protected":false},"excerpt":{"rendered":"<p>A capacidade de resposta dos agentes das pol\u00edcias Militar e Civil e do Corpo de Bombeiros Militar de Pernambuco ser\u00e1&hellip;<\/p>\n","protected":false},"author":1,"featured_media":131343,"comment_status":"closed","ping_status":"open","sticky":false,"template":"","format":"standard","meta":{"footnotes":""},"categories":[14120],"tags":[13146,5943,36989],"class_list":["post-131341","post","type-post","status-publish","format-standard","has-post-thumbnail","hentry","category-noticias","tag-blog-edvaldo-magalhaes","tag-governo-de-pernambuco","tag-portal-edivaldo-magalhaes"],"_links":{"self":[{"href":"https:\/\/blogdoedvaldomagalhaes.com.br\/index.php\/wp-json\/wp\/v2\/posts\/131341","targetHints":{"allow":["GET"]}}],"collection":[{"href":"https:\/\/blogdoedvaldomagalhaes.com.br\/index.php\/wp-json\/wp\/v2\/posts"}],"about":[{"href":"https:\/\/blogdoedvaldomagalhaes.com.br\/index.php\/wp-json\/wp\/v2\/types\/post"}],"author":[{"embeddable":true,"href":"https:\/\/blogdoedvaldomagalhaes.com.br\/index.php\/wp-json\/wp\/v2\/users\/1"}],"replies":[{"embeddable":true,"href":"https:\/\/blogdoedvaldomagalhaes.com.br\/index.php\/wp-json\/wp\/v2\/comments?post=131341"}],"version-history":[{"count":2,"href":"https:\/\/blogdoedvaldomagalhaes.com.br\/index.php\/wp-json\/wp\/v2\/posts\/131341\/revisions"}],"predecessor-version":[{"id":131344,"href":"https:\/\/blogdoedvaldomagalhaes.com.br\/index.php\/wp-json\/wp\/v2\/posts\/131341\/revisions\/131344"}],"wp:featuredmedia":[{"embeddable":true,"href":"https:\/\/blogdoedvaldomagalhaes.com.br\/index.php\/wp-json\/wp\/v2\/media\/131343"}],"wp:attachment":[{"href":"https:\/\/blogdoedvaldomagalhaes.com.br\/index.php\/wp-json\/wp\/v2\/media?parent=131341"}],"wp:term":[{"taxonomy":"category","embeddable":true,"href":"https:\/\/blogdoedvaldomagalhaes.com.br\/index.php\/wp-json\/wp\/v2\/categories?post=131341"},{"taxonomy":"post_tag","embeddable":true,"href":"https:\/\/blogdoedvaldomagalhaes.com.br\/index.php\/wp-json\/wp\/v2\/tags?post=131341"}],"curies":[{"name":"wp","href":"https:\/\/api.w.org\/{rel}","templated":true}]}}