{"id":1303,"date":"2018-09-14T22:54:00","date_gmt":"2018-09-15T01:54:00","guid":{"rendered":"http:\/\/blogdoedvaldomagalhaes.com.br\/index.php\/2018\/09\/14\/pesquisa-datafolha-bolsonaro-lidera\/"},"modified":"2019-02-09T02:31:08","modified_gmt":"2019-02-09T04:31:08","slug":"pesquisa-datafolha-bolsonaro-lidera","status":"publish","type":"post","link":"https:\/\/blogdoedvaldomagalhaes.com.br\/index.php\/2018\/09\/14\/pesquisa-datafolha-bolsonaro-lidera\/","title":{"rendered":"Pesquisa Datafolha: Bolsonaro lidera, Ciro e Haddad empatados no segundo lugar"},"content":{"rendered":"<div class=\"separator\" style=\"clear: both; text-align: center;\">\n<a href=\"https:\/\/1.bp.blogspot.com\/-utBER8Qv_7E\/W5w7nXDpX6I\/AAAAAAAA5_I\/WmlJOdWMV5AxtLWKgYE-KaBUJQ2pqtiMwCLcBGAs\/s1600\/essa.jpg\" imageanchor=\"1\" style=\"margin-left: 1em; margin-right: 1em;\"><img loading=\"lazy\" decoding=\"async\" border=\"0\" data-original-height=\"180\" data-original-width=\"360\" height=\"320\" src=\"http:\/\/blogdoedvaldomagalhaes.com.br\/wp-content\/uploads\/2018\/09\/essa-1.jpg\" width=\"640\" \/><\/a><\/div>\n<div style=\"text-align: justify;\">\n<\/div>\n<div style=\"text-align: justify;\">\n<b>Do G1<\/b><\/div>\n<div style=\"text-align: justify;\">\n<br \/>\nO Datafolha divulgou nesta sexta-feira (14) o resultado da mais recente pesquisa de inten\u00e7\u00e3o de voto na elei\u00e7\u00e3o presidencial. A pesquisa ouviu 2.820 eleitores entre quinta (13) e sexta-feira (14).<\/p>\n<p>O n\u00edvel de confian\u00e7a da pesquisa \u00e9 de 95%. Isso quer dizer que h\u00e1 uma probabilidade de 95% de os resultados retratarem a realidade, considerando a margem de erro, que \u00e9 de 2 pontos, para mais ou para menos.<\/p>\n<p><b>Os resultados foram os seguintes:<\/b><\/p>\n<p>Jair Bolsonaro (PSL): 26%<br \/>\nCiro Gomes (PDT): 13%<br \/>\nFernando Haddad (PT): 13%<br \/>\nGeraldo Alckmin (PSDB): 9%<br \/>\nMarina Silva (Rede): 8%<br \/>\nAlvaro Dias (Podemos): 3%<br \/>\nHenrique Meirelles (MDB): 3%<br \/>\nJo\u00e3o Amo\u00eado (Novo): 3%<br \/>\nCabo Daciolo (Patriota): 1%<br \/>\nGuilherme Boulos (PSOL): 1%<br \/>\nVera L\u00facia (PSTU): 1%<br \/>\nJo\u00e3o Goulart Filho (PPL): 0%<br \/>\nEymael (DC): 0%<br \/>\nBranco\/nulos: 13%<\/p>\n<p>N\u00e3o sabe\/n\u00e3o respondeu: 6%<\/p>\n<div>\n<\/div>\n<\/div>\n<div style=\"text-align: justify;\">\n<b>Simula\u00e7\u00f5es de segundo turno<\/b><\/div>\n<div style=\"text-align: justify;\">\n<\/div>\n<div style=\"text-align: justify;\">\n\u2022 Marina 43% x 39% Bolsonaro (branco\/nulo: 16%; n\u00e3o sabe: 2%)<\/div>\n<div style=\"text-align: justify;\">\n<\/div>\n<div style=\"text-align: justify;\">\n\u2022 Ciro 40% x 34% Alckmin (branco\/nulo: 23%; n\u00e3o sabe: 3%)<\/div>\n<div style=\"text-align: justify;\">\n<\/div>\n<div style=\"text-align: justify;\">\n\u2022 Alckmin 41% x 37% Bolsonaro (branco\/nulo: 19%; n\u00e3o sabe: 2%)<\/div>\n<div style=\"text-align: justify;\">\n<\/div>\n<div style=\"text-align: justify;\">\n\u2022 Alckmin 39% x 36% Marina (branco\/nulo: 23%; n\u00e3o sabe: 2%)<\/div>\n<div style=\"text-align: justify;\">\n<\/div>\n<div style=\"text-align: justify;\">\n\u2022 Ciro 45% x 38% Bolsonaro (branco\/nulo: 15%; n\u00e3o sabe: 2%)<\/div>\n<div style=\"text-align: justify;\">\n<\/div>\n<div style=\"text-align: justify;\">\n\u2022 Alckmin 40% x 32% Haddad (branco\/nulo: 25%; n\u00e3o sabe: 3%)<\/div>\n<div style=\"text-align: justify;\">\n<\/div>\n<div style=\"text-align: justify;\">\n\u2022 Bolsonaro 41% x 40% Haddad (branco\/nulo: 17%; n\u00e3o sabe: 2%)<\/div>\n<div style=\"text-align: justify;\">\n<\/div>\n<div style=\"text-align: justify;\">\n\u2022 Ciro 44% x 32% Marina (branco\/nulo: 22%; n\u00e3o sabe: 2%)<\/div>\n<div style=\"text-align: justify;\">\n<\/div>\n<div style=\"text-align: justify;\">\n\u2022 Marina 39% x 34% Haddad (branco\/nulo: 25%; n\u00e3o sabe: 2%)<\/div>\n<div style=\"text-align: justify;\">\n<\/div>\n<div style=\"text-align: justify;\">\n\u2022 Ciro 45% x 27% Haddad (branco\/nulo: 25%; n\u00e3o sabe: 2%)<\/div>\n<div style=\"text-align: justify;\">\n<\/div>\n<div style=\"text-align: justify;\">\n<b>Sobre a pesquisa<\/b><\/div>\n<div style=\"text-align: justify;\">\n<\/div>\n<div style=\"text-align: justify;\">\n\u2022 Margem de erro: 2 pontos percentuais para mais ou para menos<\/div>\n<div style=\"text-align: justify;\">\n<\/div>\n<div style=\"text-align: justify;\">\n\u2022 Entrevistados: 2.820 eleitores em 197 munic\u00edpios<\/div>\n<div style=\"text-align: justify;\">\n<\/div>\n<div style=\"text-align: justify;\">\n\u2022 Quando a pesquisa foi feita: 13 e 14 de setembro<\/div>\n<div style=\"text-align: justify;\">\n<\/div>\n<div style=\"text-align: justify;\">\n\u2022 Registro no TSE: BR 05596\/2018<\/div>\n<div style=\"text-align: justify;\">\n<\/div>\n<div style=\"text-align: justify;\">\n\u2022 N\u00edvel de confian\u00e7a: 95%<\/div>\n<div style=\"text-align: justify;\">\n<\/div>\n<div style=\"text-align: justify;\">\n\u2022 Contratantes da pesquisa: TV Globo e \u201cFolha de S.Paulo\u201d<\/p>\n<p>Em rela\u00e7\u00e3o ao levantamento anterior do instituto, divulgado na segunda-feira (10):<\/p>\n<p>Jair Bolsonaro atingiu 26% das inten\u00e7\u00f5es de voto, uma varia\u00e7\u00e3o positiva de dois pontos;<br \/>\nHaddad cresceu de 9% para 13%, o mesmo percentual de Ciro, que se manteve nos 13% do levantamento anterior;<br \/>\nAlckmin, que oscilou de 10% para 9%, est\u00e1 no limite do empate t\u00e9cnico com Haddad e Ciro;<br \/>\nMarina, que foi de 11% para 8%, tem agora metade das inten\u00e7\u00f5es de voto que tinha ap\u00f3s registro das candidaturas, em agosto (16%).<\/p>\n<p><b>Rejei\u00e7\u00e3o<\/b><\/p>\n<p>O Instituto tamb\u00e9m perguntou: &#8220;Em quais desses candidatos&#8230; voc\u00ea n\u00e3o votaria de jeito nenhum no primeiro turno da elei\u00e7\u00e3o para presidente deste ano?&#8221;<\/p>\n<p>Neste levantamento, portanto, os entrevistados podem citar mais de um candidato. Por isso, os resultados somam mais de 100%.<\/p>\n<p><b>Vamos aos n\u00fameros:<\/b><\/p>\n<p>Bolsonaro: 44%<br \/>\nMarina: 30%<br \/>\nHaddad: 26%<br \/>\nAlckmin: 25%<br \/>\nCiro: 21%<br \/>\nVera: 19%<br \/>\nCabo Daciolo: 18%<br \/>\nEymael: 17%<br \/>\nBoulos: 17%<br \/>\nMeirelles: 17%<br \/>\nAlvaro Dias: 16%<br \/>\nJo\u00e3o Goulart Filho: 14%<br \/>\nAmo\u00eado: 15%<br \/>\nRejeita todos\/n\u00e3o votaria em nenhum: 4%<br \/>\nVotaria em qualquer um\/n\u00e3o rejeita nenhum: 2%<\/p>\n<p>N\u00e3o sabe: 5%<\/p>\n<div>\n<\/div>\n<\/div>\n","protected":false},"excerpt":{"rendered":"<p>Do G1 O Datafolha divulgou nesta sexta-feira (14) o resultado da mais recente pesquisa de inten\u00e7\u00e3o de voto na elei\u00e7\u00e3o&hellip;<\/p>\n","protected":false},"author":1,"featured_media":0,"comment_status":"open","ping_status":"open","sticky":false,"template":"","format":"standard","meta":{"footnotes":""},"categories":[1],"tags":[2,1260,1261,20],"class_list":["post-1303","post","type-post","status-publish","format-standard","hentry","category-sem-categoria","tag-blog-do-edvaldo-magalhaes","tag-ciro-e-haddad-empatados-no-segundo-lugar","tag-pesquisa-datafolha-bolsonaro-lidera","tag-politica"],"_links":{"self":[{"href":"https:\/\/blogdoedvaldomagalhaes.com.br\/index.php\/wp-json\/wp\/v2\/posts\/1303","targetHints":{"allow":["GET"]}}],"collection":[{"href":"https:\/\/blogdoedvaldomagalhaes.com.br\/index.php\/wp-json\/wp\/v2\/posts"}],"about":[{"href":"https:\/\/blogdoedvaldomagalhaes.com.br\/index.php\/wp-json\/wp\/v2\/types\/post"}],"author":[{"embeddable":true,"href":"https:\/\/blogdoedvaldomagalhaes.com.br\/index.php\/wp-json\/wp\/v2\/users\/1"}],"replies":[{"embeddable":true,"href":"https:\/\/blogdoedvaldomagalhaes.com.br\/index.php\/wp-json\/wp\/v2\/comments?post=1303"}],"version-history":[{"count":1,"href":"https:\/\/blogdoedvaldomagalhaes.com.br\/index.php\/wp-json\/wp\/v2\/posts\/1303\/revisions"}],"predecessor-version":[{"id":34098,"href":"https:\/\/blogdoedvaldomagalhaes.com.br\/index.php\/wp-json\/wp\/v2\/posts\/1303\/revisions\/34098"}],"wp:attachment":[{"href":"https:\/\/blogdoedvaldomagalhaes.com.br\/index.php\/wp-json\/wp\/v2\/media?parent=1303"}],"wp:term":[{"taxonomy":"category","embeddable":true,"href":"https:\/\/blogdoedvaldomagalhaes.com.br\/index.php\/wp-json\/wp\/v2\/categories?post=1303"},{"taxonomy":"post_tag","embeddable":true,"href":"https:\/\/blogdoedvaldomagalhaes.com.br\/index.php\/wp-json\/wp\/v2\/tags?post=1303"}],"curies":[{"name":"wp","href":"https:\/\/api.w.org\/{rel}","templated":true}]}}