{"id":1302,"date":"2018-09-15T19:59:00","date_gmt":"2018-09-15T22:59:00","guid":{"rendered":"http:\/\/blogdoedvaldomagalhaes.com.br\/index.php\/2018\/09\/15\/assassinado-jovem-que-saiu-da\/"},"modified":"2019-02-09T02:31:08","modified_gmt":"2019-02-09T04:31:08","slug":"assassinado-jovem-que-saiu-da","status":"publish","type":"post","link":"https:\/\/blogdoedvaldomagalhaes.com.br\/index.php\/2018\/09\/15\/assassinado-jovem-que-saiu-da\/","title":{"rendered":"Assassinado jovem que saiu da penitenci\u00e1ria h\u00e1 tr\u00eas dias"},"content":{"rendered":"<div class=\"separator\" style=\"clear: both; text-align: center;\">\n<\/div>\n<div class=\"separator\" style=\"clear: both; text-align: center;\">\n<a href=\"https:\/\/4.bp.blogspot.com\/-Ko716dAnFFg\/W51jTA6P8bI\/AAAAAAAA6As\/t6lGFtn7Xr4SKe3O1zFBje8K-pcEWfQ1ACEwYBhgL\/s1600\/IMG-20180915-WA0142.jpg\" imageanchor=\"1\" style=\"margin-left: 1em; margin-right: 1em;\"><img loading=\"lazy\" decoding=\"async\" border=\"0\" data-original-height=\"1280\" data-original-width=\"768\" height=\"640\" src=\"http:\/\/blogdoedvaldomagalhaes.com.br\/wp-content\/uploads\/2018\/09\/IMG-20180915-WA0142.jpg\" width=\"384\" \/><\/a><\/div>\n<div class=\"separator\" style=\"clear: both; text-align: center;\">\n<\/div>\n<div style=\"text-align: justify;\">\nO jovem Erick Henrique da Silva, de 21 anos de idade, residente na rua Quipap\u00e1, no Loteamento Novo Mundo, saiu da Penitenci\u00e1ria de Canhotinho h\u00e1 tr\u00eas dias onde cumpriu pena por roubo, foi assassinado a tiros nas proximidades de um barreiro no bairro Nova Caruaru, na tarde deste s\u00e1bado (15).<\/p>\n<p><\/p>\n<div class=\"separator\" style=\"clear: both; text-align: center;\">\n<a href=\"https:\/\/1.bp.blogspot.com\/-2RGbWsfz33s\/W51mrxBJ98I\/AAAAAAAA6A4\/WVOPmG8ibWIPZqXW1aW4XiBRUnP3yvNDwCLcBGAs\/s1600\/IMG-20180915-WA0145.jpg\" imageanchor=\"1\" style=\"margin-left: 1em; margin-right: 1em;\"><img loading=\"lazy\" decoding=\"async\" border=\"0\" data-original-height=\"480\" data-original-width=\"479\" height=\"640\" src=\"http:\/\/blogdoedvaldomagalhaes.com.br\/wp-content\/uploads\/2018\/09\/IMG-20180915-WA0145.jpg\" width=\"638\" \/><\/a><\/div>\n<div class=\"separator\" style=\"clear: both; text-align: center;\">\n<\/div>\n<div class=\"separator\" style=\"clear: both; text-align: justify;\">\nEste foi o 4\u00b0 homic\u00eddio no m\u00eas de setembro e o 121\u00b0 do ano em Caruaru.&nbsp;<\/div>\n<\/div>\n","protected":false},"excerpt":{"rendered":"<p>O jovem Erick Henrique da Silva, de 21 anos de idade, residente na rua Quipap\u00e1, no Loteamento Novo Mundo, saiu&hellip;<\/p>\n","protected":false},"author":1,"featured_media":0,"comment_status":"open","ping_status":"open","sticky":false,"template":"","format":"standard","meta":{"footnotes":""},"categories":[1],"tags":[2,13],"class_list":["post-1302","post","type-post","status-publish","format-standard","hentry","category-sem-categoria","tag-blog-do-edvaldo-magalhaes","tag-policial"],"_links":{"self":[{"href":"https:\/\/blogdoedvaldomagalhaes.com.br\/index.php\/wp-json\/wp\/v2\/posts\/1302","targetHints":{"allow":["GET"]}}],"collection":[{"href":"https:\/\/blogdoedvaldomagalhaes.com.br\/index.php\/wp-json\/wp\/v2\/posts"}],"about":[{"href":"https:\/\/blogdoedvaldomagalhaes.com.br\/index.php\/wp-json\/wp\/v2\/types\/post"}],"author":[{"embeddable":true,"href":"https:\/\/blogdoedvaldomagalhaes.com.br\/index.php\/wp-json\/wp\/v2\/users\/1"}],"replies":[{"embeddable":true,"href":"https:\/\/blogdoedvaldomagalhaes.com.br\/index.php\/wp-json\/wp\/v2\/comments?post=1302"}],"version-history":[{"count":1,"href":"https:\/\/blogdoedvaldomagalhaes.com.br\/index.php\/wp-json\/wp\/v2\/posts\/1302\/revisions"}],"predecessor-version":[{"id":34101,"href":"https:\/\/blogdoedvaldomagalhaes.com.br\/index.php\/wp-json\/wp\/v2\/posts\/1302\/revisions\/34101"}],"wp:attachment":[{"href":"https:\/\/blogdoedvaldomagalhaes.com.br\/index.php\/wp-json\/wp\/v2\/media?parent=1302"}],"wp:term":[{"taxonomy":"category","embeddable":true,"href":"https:\/\/blogdoedvaldomagalhaes.com.br\/index.php\/wp-json\/wp\/v2\/categories?post=1302"},{"taxonomy":"post_tag","embeddable":true,"href":"https:\/\/blogdoedvaldomagalhaes.com.br\/index.php\/wp-json\/wp\/v2\/tags?post=1302"}],"curies":[{"name":"wp","href":"https:\/\/api.w.org\/{rel}","templated":true}]}}