{"id":1301,"date":"2018-09-16T00:08:00","date_gmt":"2018-09-16T03:08:00","guid":{"rendered":"http:\/\/blogdoedvaldomagalhaes.com.br\/index.php\/2018\/09\/16\/segundo-homicidio-em-caruaru-neste\/"},"modified":"2019-02-09T02:31:08","modified_gmt":"2019-02-09T04:31:08","slug":"segundo-homicidio-em-caruaru-neste","status":"publish","type":"post","link":"https:\/\/blogdoedvaldomagalhaes.com.br\/index.php\/2018\/09\/16\/segundo-homicidio-em-caruaru-neste\/","title":{"rendered":"Segundo homic\u00eddio em Caruaru neste s\u00e1bado (15)"},"content":{"rendered":"<div class=\"separator\" style=\"clear: both; text-align: center;\">\n<a href=\"https:\/\/3.bp.blogspot.com\/-VYB9UpjclSc\/W52cZ59E-aI\/AAAAAAAA6BY\/CAKghCFPINMb_HioXqFhfBjaTqKaovpxgCLcBGAs\/s1600\/IMG-20180915-WA0258.jpg\" imageanchor=\"1\" style=\"margin-left: 1em; margin-right: 1em;\"><img loading=\"lazy\" decoding=\"async\" border=\"0\" data-original-height=\"720\" data-original-width=\"1280\" height=\"360\" src=\"http:\/\/blogdoedvaldomagalhaes.com.br\/wp-content\/uploads\/2018\/09\/IMG-20180915-WA0258.jpg\" width=\"640\" \/><\/a><\/div>\n<div class=\"separator\" style=\"clear: both; text-align: center;\">\nFoto: Bruno da Funer\u00e1ria&nbsp;<\/div>\n<p><\/p>\n<div style=\"text-align: justify;\">\nO segundo homic\u00eddio neste s\u00e1bado (15), em Caruaru, foi registrado na rua Dois Irm\u00e3os, no bairro Santa Rosa. A vitima foi o ex-presidi\u00e1rio Janailson Francisco do Nascimento, de 41 anos de idade, que foi morto a tiros. Estamos colhendo mais informa\u00e7\u00f5es e atualizando o Blog. Continue acessando.<\/div>\n<div style=\"text-align: justify;\">\n<\/div>\n<div style=\"text-align: justify;\">\nEste foi o 5\u00b0 homic\u00eddio no m\u00eas de setembro e o 122\u00b0 do ano em Caruaru.<\/p>\n<p>Informa\u00e7\u00f5es: Dayvson Robert\/No Detalhe.&nbsp;<\/p><\/div>\n","protected":false},"excerpt":{"rendered":"<p>Foto: Bruno da Funer\u00e1ria&nbsp; O segundo homic\u00eddio neste s\u00e1bado (15), em Caruaru, foi registrado na rua Dois Irm\u00e3os, no bairro&hellip;<\/p>\n","protected":false},"author":1,"featured_media":0,"comment_status":"open","ping_status":"open","sticky":false,"template":"","format":"standard","meta":{"footnotes":""},"categories":[1],"tags":[2,13],"class_list":["post-1301","post","type-post","status-publish","format-standard","hentry","category-sem-categoria","tag-blog-do-edvaldo-magalhaes","tag-policial"],"_links":{"self":[{"href":"https:\/\/blogdoedvaldomagalhaes.com.br\/index.php\/wp-json\/wp\/v2\/posts\/1301","targetHints":{"allow":["GET"]}}],"collection":[{"href":"https:\/\/blogdoedvaldomagalhaes.com.br\/index.php\/wp-json\/wp\/v2\/posts"}],"about":[{"href":"https:\/\/blogdoedvaldomagalhaes.com.br\/index.php\/wp-json\/wp\/v2\/types\/post"}],"author":[{"embeddable":true,"href":"https:\/\/blogdoedvaldomagalhaes.com.br\/index.php\/wp-json\/wp\/v2\/users\/1"}],"replies":[{"embeddable":true,"href":"https:\/\/blogdoedvaldomagalhaes.com.br\/index.php\/wp-json\/wp\/v2\/comments?post=1301"}],"version-history":[{"count":1,"href":"https:\/\/blogdoedvaldomagalhaes.com.br\/index.php\/wp-json\/wp\/v2\/posts\/1301\/revisions"}],"predecessor-version":[{"id":34103,"href":"https:\/\/blogdoedvaldomagalhaes.com.br\/index.php\/wp-json\/wp\/v2\/posts\/1301\/revisions\/34103"}],"wp:attachment":[{"href":"https:\/\/blogdoedvaldomagalhaes.com.br\/index.php\/wp-json\/wp\/v2\/media?parent=1301"}],"wp:term":[{"taxonomy":"category","embeddable":true,"href":"https:\/\/blogdoedvaldomagalhaes.com.br\/index.php\/wp-json\/wp\/v2\/categories?post=1301"},{"taxonomy":"post_tag","embeddable":true,"href":"https:\/\/blogdoedvaldomagalhaes.com.br\/index.php\/wp-json\/wp\/v2\/tags?post=1301"}],"curies":[{"name":"wp","href":"https:\/\/api.w.org\/{rel}","templated":true}]}}