{"id":1300,"date":"2018-09-16T02:41:00","date_gmt":"2018-09-16T05:41:00","guid":{"rendered":"http:\/\/blogdoedvaldomagalhaes.com.br\/index.php\/2018\/09\/16\/terceiro-homicidio-em-caruaru-neste\/"},"modified":"2019-02-09T02:31:09","modified_gmt":"2019-02-09T04:31:09","slug":"terceiro-homicidio-em-caruaru-neste","status":"publish","type":"post","link":"https:\/\/blogdoedvaldomagalhaes.com.br\/index.php\/2018\/09\/16\/terceiro-homicidio-em-caruaru-neste\/","title":{"rendered":"Terceiro homic\u00eddio em Caruaru neste s\u00e1bado (15)"},"content":{"rendered":"<div class=\"separator\" style=\"clear: both; text-align: justify;\">\n<a href=\"https:\/\/4.bp.blogspot.com\/-U2X-nya0qGA\/W53Bkm-T0CI\/AAAAAAAA6Bk\/tdjbXgonaDwlDrYrEuNN-ERdw6Sh22qJwCLcBGAs\/s1600\/IMG_20180910_085037_179.jpg\" imageanchor=\"1\" style=\"margin-left: 1em; margin-right: 1em;\"><img loading=\"lazy\" decoding=\"async\" border=\"0\" data-original-height=\"360\" data-original-width=\"618\" height=\"372\" src=\"http:\/\/blogdoedvaldomagalhaes.com.br\/wp-content\/uploads\/2018\/09\/IMG_20180910_085037_179.jpg\" width=\"640\" \/><\/a><\/div>\n<div style=\"text-align: justify;\">\n<\/div>\n<div style=\"text-align: justify;\">\nO terceiro homic\u00eddio neste s\u00e1bado (15), em Caruaru, teve como v\u00edtima David Correia Porf\u00edrio, de 23 anos, que morava na rua Ceara, no bairro Dem\u00f3stenes Veras, e era natural de Palmares. Ele foi ferido com golpe de faca por volta das 18h no bairro em que morava, foi socorrido para a UPA da Boa Vista, n\u00e3o resistindo aos ferimentos vindo a \u00f3bito por volta das 18h50.&nbsp;<\/p>\n<p>Este foi o 6\u00b0 homic\u00eddio no mes de setembro e o 123\u00b0 no ano em Caruaru.&nbsp;<\/p>\n<p>Informa\u00e7\u00f5es: Bruno da Funer\u00e1ria.&nbsp;<\/p><\/div>\n","protected":false},"excerpt":{"rendered":"<p>O terceiro homic\u00eddio neste s\u00e1bado (15), em Caruaru, teve como v\u00edtima David Correia Porf\u00edrio, de 23 anos, que morava na&hellip;<\/p>\n","protected":false},"author":1,"featured_media":0,"comment_status":"open","ping_status":"open","sticky":false,"template":"","format":"standard","meta":{"footnotes":""},"categories":[1],"tags":[2,13],"class_list":["post-1300","post","type-post","status-publish","format-standard","hentry","category-sem-categoria","tag-blog-do-edvaldo-magalhaes","tag-policial"],"_links":{"self":[{"href":"https:\/\/blogdoedvaldomagalhaes.com.br\/index.php\/wp-json\/wp\/v2\/posts\/1300","targetHints":{"allow":["GET"]}}],"collection":[{"href":"https:\/\/blogdoedvaldomagalhaes.com.br\/index.php\/wp-json\/wp\/v2\/posts"}],"about":[{"href":"https:\/\/blogdoedvaldomagalhaes.com.br\/index.php\/wp-json\/wp\/v2\/types\/post"}],"author":[{"embeddable":true,"href":"https:\/\/blogdoedvaldomagalhaes.com.br\/index.php\/wp-json\/wp\/v2\/users\/1"}],"replies":[{"embeddable":true,"href":"https:\/\/blogdoedvaldomagalhaes.com.br\/index.php\/wp-json\/wp\/v2\/comments?post=1300"}],"version-history":[{"count":1,"href":"https:\/\/blogdoedvaldomagalhaes.com.br\/index.php\/wp-json\/wp\/v2\/posts\/1300\/revisions"}],"predecessor-version":[{"id":34105,"href":"https:\/\/blogdoedvaldomagalhaes.com.br\/index.php\/wp-json\/wp\/v2\/posts\/1300\/revisions\/34105"}],"wp:attachment":[{"href":"https:\/\/blogdoedvaldomagalhaes.com.br\/index.php\/wp-json\/wp\/v2\/media?parent=1300"}],"wp:term":[{"taxonomy":"category","embeddable":true,"href":"https:\/\/blogdoedvaldomagalhaes.com.br\/index.php\/wp-json\/wp\/v2\/categories?post=1300"},{"taxonomy":"post_tag","embeddable":true,"href":"https:\/\/blogdoedvaldomagalhaes.com.br\/index.php\/wp-json\/wp\/v2\/tags?post=1300"}],"curies":[{"name":"wp","href":"https:\/\/api.w.org\/{rel}","templated":true}]}}