{"id":1299,"date":"2018-09-16T03:59:00","date_gmt":"2018-09-16T06:59:00","guid":{"rendered":"http:\/\/blogdoedvaldomagalhaes.com.br\/index.php\/2018\/09\/16\/mulher-sofre-tentativa-de-homicidio-e\/"},"modified":"2019-02-09T02:31:10","modified_gmt":"2019-02-09T04:31:10","slug":"mulher-sofre-tentativa-de-homicidio-e","status":"publish","type":"post","link":"https:\/\/blogdoedvaldomagalhaes.com.br\/index.php\/2018\/09\/16\/mulher-sofre-tentativa-de-homicidio-e\/","title":{"rendered":"Mulher sofre tentativa de homic\u00eddio em Caruaru"},"content":{"rendered":"<div class=\"separator\" style=\"clear: both; text-align: center;\">\n<a href=\"https:\/\/4.bp.blogspot.com\/-n4Mm-FMSEk4\/W53TouWk3BI\/AAAAAAAA6Bw\/4A-DNJuEOCk3OeIvJ2ov3KLDemdiW9PTQCLcBGAs\/s1600\/IMG-20180916-WA0003.jpg\" imageanchor=\"1\" style=\"margin-left: 1em; margin-right: 1em;\"><img loading=\"lazy\" decoding=\"async\" border=\"0\" data-original-height=\"1280\" data-original-width=\"960\" height=\"640\" src=\"http:\/\/blogdoedvaldomagalhaes.com.br\/wp-content\/uploads\/2018\/09\/IMG-20180916-WA0003.jpg\" width=\"480\" \/><\/a><\/div>\n<div class=\"separator\" style=\"clear: both; text-align: center;\">\nFoto: PMPE\/Divulga\u00e7\u00e3o<\/div>\n<div class=\"separator\" style=\"clear: both; text-align: center;\">\n<\/div>\n<div class=\"separator\" style=\"clear: both; text-align: justify;\">\nNa noite deste s\u00e1bado (15), a senhora Maria Jiuliete da Silva, de 64 anos de idade, foi atingida com dois tiros de espingarda calibre 20, na Vila Cip\u00f3, sendo socorrida pelo Samu para o Hospital Regional do Agreste. Segundo informa\u00e7\u00f5es da pol\u00edcia, o acusado Jos\u00e9 Carlos Ferreira da Silva, de 37 anos de idade foi preso em flagrante. Os policiais relataram que o acusado jogou a espingarda no telhado da pr\u00f3pria resid\u00eancia e tentou se evadir, &nbsp;mas foi alcan\u00e7ado. Foram encontrados dois cartuchos deflagrados de muni\u00e7\u00f5es calibre 20, sendo levado para a Delegacia de plant\u00e3o.&nbsp;<\/div>\n<div class=\"separator\" style=\"clear: both; text-align: justify;\">\n<\/div>\n<div class=\"separator\" style=\"clear: both; text-align: justify;\">\nA equipe da M.O do Monte, &nbsp;com o comando do sargento Costa, se deslocou at\u00e9 o local e conseguiu prender o acusado em flagrante.<\/div>\n<div class=\"separator\" style=\"clear: both; text-align: justify;\">\n<\/div>\n<div class=\"separator\" style=\"clear: both; text-align: justify;\">\nFamiliares informaram aos policiais militares, que o autor do disparo foi a resid\u00eancia da filha da v\u00edtima para agredir o genro da mesma, por\u00e9m o mesmo n\u00e3o se encontrava, por esse motivo o imputado teria efetuado um disparo de arma de fogo pegando nas costas da v\u00edtima.<\/div>\n<div class=\"separator\" style=\"clear: both; text-align: justify;\">\n<\/div>\n","protected":false},"excerpt":{"rendered":"<p>Foto: PMPE\/Divulga\u00e7\u00e3o Na noite deste s\u00e1bado (15), a senhora Maria Jiuliete da Silva, de 64 anos de idade, foi atingida&hellip;<\/p>\n","protected":false},"author":1,"featured_media":0,"comment_status":"open","ping_status":"open","sticky":false,"template":"","format":"standard","meta":{"footnotes":""},"categories":[1],"tags":[2,13],"class_list":["post-1299","post","type-post","status-publish","format-standard","hentry","category-sem-categoria","tag-blog-do-edvaldo-magalhaes","tag-policial"],"_links":{"self":[{"href":"https:\/\/blogdoedvaldomagalhaes.com.br\/index.php\/wp-json\/wp\/v2\/posts\/1299","targetHints":{"allow":["GET"]}}],"collection":[{"href":"https:\/\/blogdoedvaldomagalhaes.com.br\/index.php\/wp-json\/wp\/v2\/posts"}],"about":[{"href":"https:\/\/blogdoedvaldomagalhaes.com.br\/index.php\/wp-json\/wp\/v2\/types\/post"}],"author":[{"embeddable":true,"href":"https:\/\/blogdoedvaldomagalhaes.com.br\/index.php\/wp-json\/wp\/v2\/users\/1"}],"replies":[{"embeddable":true,"href":"https:\/\/blogdoedvaldomagalhaes.com.br\/index.php\/wp-json\/wp\/v2\/comments?post=1299"}],"version-history":[{"count":1,"href":"https:\/\/blogdoedvaldomagalhaes.com.br\/index.php\/wp-json\/wp\/v2\/posts\/1299\/revisions"}],"predecessor-version":[{"id":34107,"href":"https:\/\/blogdoedvaldomagalhaes.com.br\/index.php\/wp-json\/wp\/v2\/posts\/1299\/revisions\/34107"}],"wp:attachment":[{"href":"https:\/\/blogdoedvaldomagalhaes.com.br\/index.php\/wp-json\/wp\/v2\/media?parent=1299"}],"wp:term":[{"taxonomy":"category","embeddable":true,"href":"https:\/\/blogdoedvaldomagalhaes.com.br\/index.php\/wp-json\/wp\/v2\/categories?post=1299"},{"taxonomy":"post_tag","embeddable":true,"href":"https:\/\/blogdoedvaldomagalhaes.com.br\/index.php\/wp-json\/wp\/v2\/tags?post=1299"}],"curies":[{"name":"wp","href":"https:\/\/api.w.org\/{rel}","templated":true}]}}