{"id":1298,"date":"2018-09-16T16:02:00","date_gmt":"2018-09-16T19:02:00","guid":{"rendered":"http:\/\/blogdoedvaldomagalhaes.com.br\/index.php\/2018\/09\/16\/morre-em-caruaru-o-colunista-socia\/"},"modified":"2019-02-09T02:31:10","modified_gmt":"2019-02-09T04:31:10","slug":"morre-em-caruaru-o-colunista-socia","status":"publish","type":"post","link":"https:\/\/blogdoedvaldomagalhaes.com.br\/index.php\/2018\/09\/16\/morre-em-caruaru-o-colunista-socia\/","title":{"rendered":"Morre em Caruaru o colunista social Cervantes"},"content":{"rendered":"<div class=\"separator\" style=\"clear: both; text-align: center;\">\n<a href=\"https:\/\/3.bp.blogspot.com\/-fn_vKqZM_o0\/W55-Y6r2AKI\/AAAAAAAA6CM\/py9gYyJWJdYI5mqk71oEPHQKYAaeHeeAgCLcBGAs\/s1600\/CERVANTES.jpg\" imageanchor=\"1\" style=\"margin-left: 1em; margin-right: 1em;\"><img loading=\"lazy\" decoding=\"async\" border=\"0\" data-original-height=\"426\" data-original-width=\"573\" height=\"474\" src=\"http:\/\/blogdoedvaldomagalhaes.com.br\/wp-content\/uploads\/2018\/09\/CERVANTES.jpg\" width=\"640\" \/><\/a><\/div>\n<p><\/p>\n<div style=\"text-align: justify;\">\nMorreu na manh\u00e3 deste domingo (16), em Caruaru, Agreste de Pernambuco, o colunista social Cervantes. Ele estava internado em um hospital da cidade. Cervantes ficou famoso por promover todos os anos a festa \u201cTrof\u00e9u Ouro\u201d, reunindo e premiando a sociedade de Caruaru e regi\u00e3o.<\/div>\n<div style=\"text-align: justify;\">\n<\/div>\n<div style=\"text-align: justify;\">\nO vel\u00f3rio est\u00e1 acontecendo no Cemit\u00e9rio Parque dos Arcos, onde ser\u00e1 o sepultamento, nesta segunda-feira (17), as 9h da manh\u00e3.<\/div>\n<div style=\"text-align: justify;\">\n<\/div>\n<div style=\"text-align: justify;\">\n<b>NOTA &#8211; Hospital Santa Efig\u00eania<\/b><\/div>\n<div style=\"text-align: justify;\">\n<\/div>\n<div style=\"text-align: justify;\">\nO Hospital Santa Efig\u00eania confirma a morte do jornalista e colunista social Cervantes, \u00e0s 8h48, deste domingo (16). Jos\u00e9 Soares Ferreira (Cervantes), 74 anos, estava internado desde o dia 11\/07\/2018. De acordo com o hospital, a causa da morte foi choque s\u00e9ptico de foco respirat\u00f3rio secund\u00e1rio \u00e0 pneumonia grave.<\/div>\n<div style=\"text-align: justify;\">\n<\/div>\n","protected":false},"excerpt":{"rendered":"<p>Morreu na manh\u00e3 deste domingo (16), em Caruaru, Agreste de Pernambuco, o colunista social Cervantes. Ele estava internado em um&hellip;<\/p>\n","protected":false},"author":1,"featured_media":0,"comment_status":"open","ping_status":"open","sticky":false,"template":"","format":"standard","meta":{"footnotes":""},"categories":[1],"tags":[2,6],"class_list":["post-1298","post","type-post","status-publish","format-standard","hentry","category-sem-categoria","tag-blog-do-edvaldo-magalhaes","tag-noticias"],"_links":{"self":[{"href":"https:\/\/blogdoedvaldomagalhaes.com.br\/index.php\/wp-json\/wp\/v2\/posts\/1298","targetHints":{"allow":["GET"]}}],"collection":[{"href":"https:\/\/blogdoedvaldomagalhaes.com.br\/index.php\/wp-json\/wp\/v2\/posts"}],"about":[{"href":"https:\/\/blogdoedvaldomagalhaes.com.br\/index.php\/wp-json\/wp\/v2\/types\/post"}],"author":[{"embeddable":true,"href":"https:\/\/blogdoedvaldomagalhaes.com.br\/index.php\/wp-json\/wp\/v2\/users\/1"}],"replies":[{"embeddable":true,"href":"https:\/\/blogdoedvaldomagalhaes.com.br\/index.php\/wp-json\/wp\/v2\/comments?post=1298"}],"version-history":[{"count":1,"href":"https:\/\/blogdoedvaldomagalhaes.com.br\/index.php\/wp-json\/wp\/v2\/posts\/1298\/revisions"}],"predecessor-version":[{"id":34109,"href":"https:\/\/blogdoedvaldomagalhaes.com.br\/index.php\/wp-json\/wp\/v2\/posts\/1298\/revisions\/34109"}],"wp:attachment":[{"href":"https:\/\/blogdoedvaldomagalhaes.com.br\/index.php\/wp-json\/wp\/v2\/media?parent=1298"}],"wp:term":[{"taxonomy":"category","embeddable":true,"href":"https:\/\/blogdoedvaldomagalhaes.com.br\/index.php\/wp-json\/wp\/v2\/categories?post=1298"},{"taxonomy":"post_tag","embeddable":true,"href":"https:\/\/blogdoedvaldomagalhaes.com.br\/index.php\/wp-json\/wp\/v2\/tags?post=1298"}],"curies":[{"name":"wp","href":"https:\/\/api.w.org\/{rel}","templated":true}]}}