{"id":1293,"date":"2018-09-17T17:06:00","date_gmt":"2018-09-17T20:06:00","guid":{"rendered":"http:\/\/blogdoedvaldomagalhaes.com.br\/index.php\/2018\/09\/17\/setembro-amarelo-promove-debate-sobre-o\/"},"modified":"2019-02-09T02:31:14","modified_gmt":"2019-02-09T04:31:14","slug":"setembro-amarelo-promove-debate-sobre-o","status":"publish","type":"post","link":"https:\/\/blogdoedvaldomagalhaes.com.br\/index.php\/2018\/09\/17\/setembro-amarelo-promove-debate-sobre-o\/","title":{"rendered":"Setembro Amarelo promove debate sobre o suic\u00eddio"},"content":{"rendered":"<div class=\"separator\" style=\"clear: both; text-align: center;\">\n<a href=\"https:\/\/4.bp.blogspot.com\/-1qEFHRr6svM\/W5_essy8BDI\/AAAAAAAA6Ek\/ORWAcwPMUwYQy1IgNAUJcm-S0wY6Hb0kgCLcBGAs\/s1600\/setembro%255D.jpeg\" imageanchor=\"1\" style=\"margin-left: 1em; margin-right: 1em;\"><img loading=\"lazy\" decoding=\"async\" border=\"0\" data-original-height=\"415\" data-original-width=\"830\" height=\"320\" src=\"http:\/\/blogdoedvaldomagalhaes.com.br\/wp-content\/uploads\/2018\/09\/setembro5D.jpeg\" width=\"640\" \/><\/a><\/div>\n<p><\/p>\n<div style=\"text-align: justify;\">\nUm tema que assombra os lares, as escolas e ainda \u00e9 considerado um tabu. O suic\u00eddio \u00e9 considerado um problema de sa\u00fade p\u00fablica e a ocorr\u00eancia tem aumentado entre os jovens. De acordo com n\u00fameros oficiais, 32 brasileiros se matam por dia em m\u00e9dia, sendo essa uma taxa maior do que a de v\u00edtimas de Aids e da maioria dos tipos de c\u00e2ncer. Para debater sobre o tema e quebrar esse sil\u00eancio, h\u00e1 mais de 40 anos foi criado o Centro de Valoriza\u00e7\u00e3o da Vida (CVV).<\/div>\n<div style=\"text-align: justify;\">\n<\/div>\n<div style=\"text-align: justify;\">\nO Centro de Valoriza\u00e7\u00e3o da Vida \u00e9 reconhecido como um servi\u00e7o de utilidade p\u00fablica desde 1970 e est\u00e1 dispon\u00edvel para oferecer apoio emocional e trabalhar a import\u00e2ncia da preven\u00e7\u00e3o do suic\u00eddio. Hoje, no Brasil, temos dispon\u00edvel em v\u00e1rios estados estes Centros de Apoio. Devido a este alarmante \u00edndice, o Conselho Federal de Medicina e a Associa\u00e7\u00e3o Brasileira de Psiquiatria deram in\u00edcio \u00e0 campanha nacional intitulada Setembro Amarelo que est\u00e1 no seu terceiro ano de atua\u00e7\u00e3o. Segundo Norma Suely, Coordenadora de uma das sedes da Associa\u00e7\u00e3o no Recife, em breve Caruaru ganhar\u00e1 uma unidade&nbsp; do CVV.<\/div>\n<div style=\"text-align: justify;\">\n<\/div>\n<div style=\"text-align: justify;\">\nPor enquanto, profissionais da \u00e1rea de psicologia da Cl\u00ednica Mais Sa\u00fade, em Caruaru,&nbsp; est\u00e3o \u00e0 disposi\u00e7\u00e3o para levar orienta\u00e7\u00e3o e trazer mais conhecimento atrav\u00e9s de palestras para escolas, empresas, comunidades e em todo lugar que se fizer necess\u00e1rio tirar d\u00favidas sobre este assunto ainda considerado um tabu. \u201cA ideia do Setembro Amarelo \u00e9 abrir espa\u00e7o para falar sobre o tema e alertar os pais, os professores e a sociedade sobre a import\u00e2ncia da discuss\u00e3o nos espa\u00e7os onde, principalmente, os jovens costumam estar. De acordo com a Organiza\u00e7\u00e3o Mundial de Sa\u00fade, o suic\u00eddio tem preven\u00e7\u00e3o em 90% dos casos\u201d, explica a psic\u00f3loga Karina Proc\u00f3pio.<\/div>\n<div style=\"text-align: justify;\">\n<\/div>\n<div style=\"text-align: justify;\">\n<\/div>\n","protected":false},"excerpt":{"rendered":"<p>Um tema que assombra os lares, as escolas e ainda \u00e9 considerado um tabu. O suic\u00eddio \u00e9 considerado um problema&hellip;<\/p>\n","protected":false},"author":1,"featured_media":0,"comment_status":"open","ping_status":"open","sticky":false,"template":"","format":"standard","meta":{"footnotes":""},"categories":[1],"tags":[2,6,1255],"class_list":["post-1293","post","type-post","status-publish","format-standard","hentry","category-sem-categoria","tag-blog-do-edvaldo-magalhaes","tag-noticias","tag-setembro-amarelo-promove-debate-sobre-o-suicidio"],"_links":{"self":[{"href":"https:\/\/blogdoedvaldomagalhaes.com.br\/index.php\/wp-json\/wp\/v2\/posts\/1293","targetHints":{"allow":["GET"]}}],"collection":[{"href":"https:\/\/blogdoedvaldomagalhaes.com.br\/index.php\/wp-json\/wp\/v2\/posts"}],"about":[{"href":"https:\/\/blogdoedvaldomagalhaes.com.br\/index.php\/wp-json\/wp\/v2\/types\/post"}],"author":[{"embeddable":true,"href":"https:\/\/blogdoedvaldomagalhaes.com.br\/index.php\/wp-json\/wp\/v2\/users\/1"}],"replies":[{"embeddable":true,"href":"https:\/\/blogdoedvaldomagalhaes.com.br\/index.php\/wp-json\/wp\/v2\/comments?post=1293"}],"version-history":[{"count":1,"href":"https:\/\/blogdoedvaldomagalhaes.com.br\/index.php\/wp-json\/wp\/v2\/posts\/1293\/revisions"}],"predecessor-version":[{"id":34119,"href":"https:\/\/blogdoedvaldomagalhaes.com.br\/index.php\/wp-json\/wp\/v2\/posts\/1293\/revisions\/34119"}],"wp:attachment":[{"href":"https:\/\/blogdoedvaldomagalhaes.com.br\/index.php\/wp-json\/wp\/v2\/media?parent=1293"}],"wp:term":[{"taxonomy":"category","embeddable":true,"href":"https:\/\/blogdoedvaldomagalhaes.com.br\/index.php\/wp-json\/wp\/v2\/categories?post=1293"},{"taxonomy":"post_tag","embeddable":true,"href":"https:\/\/blogdoedvaldomagalhaes.com.br\/index.php\/wp-json\/wp\/v2\/tags?post=1293"}],"curies":[{"name":"wp","href":"https:\/\/api.w.org\/{rel}","templated":true}]}}