{"id":1292,"date":"2018-09-17T17:11:00","date_gmt":"2018-09-17T20:11:00","guid":{"rendered":"http:\/\/blogdoedvaldomagalhaes.com.br\/index.php\/2018\/09\/17\/semana-nacional-de-transito-acontece-e\/"},"modified":"2019-02-09T02:31:14","modified_gmt":"2019-02-09T04:31:14","slug":"semana-nacional-de-transito-acontece-e","status":"publish","type":"post","link":"https:\/\/blogdoedvaldomagalhaes.com.br\/index.php\/2018\/09\/17\/semana-nacional-de-transito-acontece-e\/","title":{"rendered":"Semana Nacional de Tr\u00e2nsito acontece em Caruaru"},"content":{"rendered":"<div class=\"separator\" style=\"clear: both; text-align: center;\">\n<a href=\"https:\/\/4.bp.blogspot.com\/-VbEzE3n8de0\/W5_gR5VJT4I\/AAAAAAAA6Ew\/iXaZTyjWcZAVpFz6eYQyXGDr1NBEO57XQCLcBGAs\/s1600\/rua.jpeg\" imageanchor=\"1\" style=\"margin-left: 1em; margin-right: 1em;\"><img loading=\"lazy\" decoding=\"async\" border=\"0\" data-original-height=\"1600\" data-original-width=\"1280\" height=\"640\" src=\"http:\/\/blogdoedvaldomagalhaes.com.br\/wp-content\/uploads\/2018\/09\/rua.jpeg\" width=\"510\" \/><\/a><\/div>\n<div style=\"text-align: justify;\">\n<\/div>\n<div style=\"text-align: justify;\">\nDe 18 \u00e0 25 de setembro \u00e9 comemorada a Semana Nacional de Tr\u00e2nsito. O objetivo \u00e9 o desenvolvimento da conscientiza\u00e7\u00e3o social sobre os cuidados b\u00e1sicos que todo o motorista e pedestre deve ter no tr\u00e2nsito.<\/div>\n<div style=\"text-align: justify;\">\n<\/div>\n<div style=\"text-align: justify;\">\nDurante o per\u00edodo, a Associa\u00e7\u00e3o das Empresas de Transportes de Passageiros de Caruaru ( AETPC) lan\u00e7a tr\u00eas e-cards , que ser\u00e3o compartilhados nas redes sociais para alertar sobre como o uso do transporte p\u00fablico \u00e9 capaz de reduzir os impactos no tr\u00e2nsito. Fazendo a popula\u00e7\u00e3o repensar a maneira de se deslocar na cidade, como uma sa\u00edda para os problemas de transito no munic\u00edpio, conforme o que preza a Lei de Mobilidade Urbana n\u00b0 12587\/12, que trata o transporte publico de massa e os deslocamentos ativos como o caminho para uma cidade melhor.<\/div>\n<div style=\"text-align: justify;\">\n<\/div>\n<div style=\"text-align: justify;\">\nA campanha da AETPC tem como tema: &#8220;N\u00f3s somos o Tr\u00e2nsito e somos a solu\u00e7\u00e3o&#8221; e refor\u00e7a os benef\u00edcios da utiliza\u00e7\u00e3o do transporte p\u00fablico para as pessoas e para a mobilidade da cidade.&nbsp;Um exemplo disso \u00e9 que o \u00f4nibus \u00e9 mais eficiente em transportar pessoas. Se fizermos um comparativo com um veiculo de passeio, que transporta em m\u00e9dia 1,2 pessoas, o \u00f4nibus transporta, em m\u00e9dia,&nbsp; 50 pessoas. O que corresponde a 40 carros a menos&nbsp; nas vias. Conclus\u00e3o:&nbsp; menos carros nas ruas, contribui para um transito mais humanizado.&nbsp;<\/div>\n<div style=\"text-align: justify;\">\n<\/div>\n<div style=\"text-align: justify;\">\nOutro&nbsp; ponto importante \u00e9 que as pessoas que trabalham no sistema de transporte p\u00fablico s\u00e3o preparadas para contribuir para um tr\u00e2nsito mais seguro. Al\u00e9m disso, a campanha mostra ainda a import\u00e2ncia dos investimentos na infraestrutura da cidade como objetivo de priorizar o transporte p\u00fablico,&nbsp; favorecendo a mobilidade urbana.<\/p>\n<\/div>\n<div style=\"text-align: justify;\">\nA Autarquia Municipal de Defesa Social, Tr\u00e2nsito e Transportes (Destra) iniciou nesse domingo (16), as a\u00e7\u00f5es em alus\u00e3o a Semana Nacional de Tr\u00e2nsito 2018. Durante 10 dias, a Autarquia ir\u00e1 promover diversas atividades com foco na educa\u00e7\u00e3o de tr\u00e2nsito, voltadas a pedestres e condutores. O objetivo \u00e9 sensibilizar a popula\u00e7\u00e3o sobre os cuidados que todos devem ter quando o assunto \u00e9 tr\u00e2nsito.<\/p>\n<p><b>&nbsp;Confira a programa\u00e7\u00e3o:<\/b><\/p>\n<p>Dia 16\/09: Jogos Educativos de Tr\u00e2nsito (Tr\u00e2nsito amigo, Transitando a Mente e De Olho na Sinaliza\u00e7\u00e3o).&nbsp;Local: Nossa Avenida (Ciclofaixa).&nbsp;Hor\u00e1rios: 8h \u00e0s 11h e 14h \u00e0s 17h<\/p>\n<p>Dias 17,18,19, 20, 21, 24 e 25\/09: Esquete \u201cO dia em que as placas falaram\u201d.&nbsp;Local: Escolas da rede municipal de ensino<\/p>\n<p>Dias 17,18,19, 20, 21, 24 e 25\/09: Campanha \u201cO respeito pede passagem\u201d.&nbsp;Local: Faixas de pedestres que est\u00e3o sendo revitalizadas.<\/p>\n<p>Dia 17\/09: Palestra sobre transporte escolar regulamentado e dicas de tr\u00e2nsito seguro.&nbsp;Local: Col\u00e9gio Adventista.&nbsp;Hor\u00e1rio: 8h<\/p>\n<p>Dia 19\/09: Destra na Rota da Escola. Palestra &#8211; \u00c1lcool e outras drogas: riscos no tr\u00e2nsito.&nbsp;Local: Escola Municipal Mestre Vitalino (EJA).&nbsp;Hor\u00e1rio: 19h<\/p>\n<p>Dias 19 e 21\/09: Blitze Educativas<\/p>\n<p>Dia 23\/09: Pedala Caruaru ano II.&nbsp;Local: Concentra\u00e7\u00e3o na Esta\u00e7\u00e3o Ferrovi\u00e1ria, em frente ao Grande Hotel.&nbsp;Hor\u00e1rio: 7h<\/p>\n<p>Dia 25\/09: Emiss\u00e3o de credencial de vagas especiais de estacionamento para idosos e pessoas com defici\u00eancia.&nbsp;Local: Marco Zero.&nbsp;Hor\u00e1rio: 8h \u00e0s 12h.<\/p>\n<\/div>\n","protected":false},"excerpt":{"rendered":"<p>De 18 \u00e0 25 de setembro \u00e9 comemorada a Semana Nacional de Tr\u00e2nsito. O objetivo \u00e9 o desenvolvimento da conscientiza\u00e7\u00e3o&hellip;<\/p>\n","protected":false},"author":1,"featured_media":0,"comment_status":"open","ping_status":"open","sticky":false,"template":"","format":"standard","meta":{"footnotes":""},"categories":[1],"tags":[1253,2,6,1254],"class_list":["post-1292","post","type-post","status-publish","format-standard","hentry","category-sem-categoria","tag-aetpc","tag-blog-do-edvaldo-magalhaes","tag-noticias","tag-semana-nacional-de-transito-acontece-em-caruaru"],"_links":{"self":[{"href":"https:\/\/blogdoedvaldomagalhaes.com.br\/index.php\/wp-json\/wp\/v2\/posts\/1292","targetHints":{"allow":["GET"]}}],"collection":[{"href":"https:\/\/blogdoedvaldomagalhaes.com.br\/index.php\/wp-json\/wp\/v2\/posts"}],"about":[{"href":"https:\/\/blogdoedvaldomagalhaes.com.br\/index.php\/wp-json\/wp\/v2\/types\/post"}],"author":[{"embeddable":true,"href":"https:\/\/blogdoedvaldomagalhaes.com.br\/index.php\/wp-json\/wp\/v2\/users\/1"}],"replies":[{"embeddable":true,"href":"https:\/\/blogdoedvaldomagalhaes.com.br\/index.php\/wp-json\/wp\/v2\/comments?post=1292"}],"version-history":[{"count":1,"href":"https:\/\/blogdoedvaldomagalhaes.com.br\/index.php\/wp-json\/wp\/v2\/posts\/1292\/revisions"}],"predecessor-version":[{"id":34121,"href":"https:\/\/blogdoedvaldomagalhaes.com.br\/index.php\/wp-json\/wp\/v2\/posts\/1292\/revisions\/34121"}],"wp:attachment":[{"href":"https:\/\/blogdoedvaldomagalhaes.com.br\/index.php\/wp-json\/wp\/v2\/media?parent=1292"}],"wp:term":[{"taxonomy":"category","embeddable":true,"href":"https:\/\/blogdoedvaldomagalhaes.com.br\/index.php\/wp-json\/wp\/v2\/categories?post=1292"},{"taxonomy":"post_tag","embeddable":true,"href":"https:\/\/blogdoedvaldomagalhaes.com.br\/index.php\/wp-json\/wp\/v2\/tags?post=1292"}],"curies":[{"name":"wp","href":"https:\/\/api.w.org\/{rel}","templated":true}]}}