{"id":1291,"date":"2018-09-17T17:29:00","date_gmt":"2018-09-17T20:29:00","guid":{"rendered":"http:\/\/blogdoedvaldomagalhaes.com.br\/index.php\/2018\/09\/17\/liga-feminina-de-combate-ao-cancer\/"},"modified":"2019-02-09T02:31:14","modified_gmt":"2019-02-09T04:31:14","slug":"liga-feminina-de-combate-ao-cancer","status":"publish","type":"post","link":"https:\/\/blogdoedvaldomagalhaes.com.br\/index.php\/2018\/09\/17\/liga-feminina-de-combate-ao-cancer\/","title":{"rendered":"Liga Feminina de Combate ao C\u00e2ncer realiza a\u00e7\u00e3o para ajudar pacientes que lutam contra a doen\u00e7a"},"content":{"rendered":"<div class=\"separator\" style=\"clear: both; text-align: center;\">\n<a href=\"https:\/\/4.bp.blogspot.com\/-F6zSHmY6h2I\/W5_kdTA79VI\/AAAAAAAA6E8\/4f9XG18OrNQeG_42OFRfFhwWUUFr0DuaQCLcBGAs\/s1600\/liga.jpg\" imageanchor=\"1\" style=\"margin-left: 1em; margin-right: 1em;\"><img loading=\"lazy\" decoding=\"async\" border=\"0\" data-original-height=\"470\" data-original-width=\"660\" height=\"450\" src=\"http:\/\/blogdoedvaldomagalhaes.com.br\/wp-content\/uploads\/2018\/09\/liga.jpg\" width=\"640\" \/><\/a><\/div>\n<div style=\"background-color: white; border: 0px; margin-bottom: 1.5em; outline: 0px; padding: 0px; text-align: justify; vertical-align: baseline;\">\n<\/div>\n<div style=\"background-color: white; border: 0px; margin-bottom: 1.5em; outline: 0px; padding: 0px; text-align: justify; vertical-align: baseline;\">\nSer\u00e1 a 1a edi\u00e7\u00e3o do Ch\u00e1 Outubro Rosa. O objetivo \u00e9 arrecadar fundos para manter a Casa de Apoio Ana Veras<\/div>\n<div style=\"background-color: white; border: 0px; margin-bottom: 1.5em; outline: 0px; padding: 0px; text-align: justify; vertical-align: baseline;\">\nSabia que voc\u00ea pode ajudar algu\u00e9m que enfrenta um tratamento contra o c\u00e2ncer? \u00c9 que no pr\u00f3ximo m\u00eas a Liga Feminina de Combate ao C\u00e2ncer promover\u00e1 o primeiro \u201cCh\u00e1 Outubro Rosa\u201d. A a\u00e7\u00e3o est\u00e1 marcada para o dia 04 de outubro e tem como objetivo arrecadar recursos para manuten\u00e7\u00e3o da Casa de Apoio Ana Veras, mantida pela organiza\u00e7\u00e3o h\u00e1 tr\u00eas d\u00e9cadas.<\/div>\n<div style=\"background-color: white; border: 0px; margin-bottom: 1.5em; outline: 0px; padding: 0px; text-align: justify; vertical-align: baseline;\">\nNo total, a Liga j\u00e1 existe h\u00e1 45 anos em Caruaru. Nesse tempo, vem ajudando pacientes com c\u00e2ncer, que moram em outras cidades, mas que n\u00e3o t\u00eam como pagar estadia, nem como ficar na Capital do Agreste para seguir com o tratamento. Hoje, a institui\u00e7\u00e3o \u00e9 mantida apenas com doa\u00e7\u00f5es, que v\u00eam de empresas e pessoas f\u00edsicas. \u201cEntendo que esse trabalho volunt\u00e1rio que realizamos \u00e9 uma miss\u00e3o, pois aqui acompanhamos muitas hist\u00f3rias e aprendemos com eles a ter esperan\u00e7a\u201d conta a presidente da institui\u00e7\u00e3o, a empres\u00e1ria Irandy Leonel.<\/div>\n<div style=\"background-color: white; border: 0px; margin-bottom: 1.5em; outline: 0px; padding: 0px; text-align: justify; vertical-align: baseline;\">\nA Casa da Liga acolhe mulheres e homens em tratamento, al\u00e9m de acompanhantes. Os pacientes recebem refei\u00e7\u00e3o, transporte para realiza\u00e7\u00e3o das sess\u00f5es de quimio e radioterapia e o custeio de parte dos exames. \u201cSe n\u00e3o fosse essa ajuda, ter\u00edamos desistido do tratamento. N\u00e3o t\u00ednhamos condi\u00e7\u00f5es financeiras de pagar um aluguel. Somos de Pesqueira e estamos na casa h\u00e1 quase dois meses. S\u00f3 tenho o que agradecer\u201d disse a dona de casa, L\u00facia Helena, que acompanha o marido diagnosticado com c\u00e2ncer de garganta. Al\u00e9m de pernambucanos, o espa\u00e7o j\u00e1 recebeu pacientes de outros estados como Bahia e Para\u00edba, por exemplo. A Casa Ana Veras fica na Rua Ant\u00f4nio Carlos Moraes, N\u00ba 156, no bairro do Salgado. O local conta com tr\u00eas quartos, sala, cozinha, banheiros e uma \u00e1rea aberta.<\/div>\n<div style=\"background-color: white; border: 0px; margin-bottom: 1.5em; outline: 0px; padding: 0px; text-align: justify; vertical-align: baseline;\">\nPara participar da I edi\u00e7\u00e3o do Ch\u00e1 outubro Rosa, bastar entrar em contato, atrav\u00e9s do n\u00famero 9.9198-0494 e adquirir o convite no valor de R$ 100,00. O evento est\u00e1 agendado para acontecer no Maria Jos\u00e9 Recep\u00e7\u00f5es I, \u00e0s 17h, com a participa\u00e7\u00e3o de Elias e Banda, desfile da loja Entre &amp; Vista Maison e sorteio de brindes.<\/div>\n<div style=\"background-color: white; border: 0px; outline: 0px; padding: 0px; text-align: justify; vertical-align: baseline;\">\n<\/div>\n","protected":false},"excerpt":{"rendered":"<p>Ser\u00e1 a 1a edi\u00e7\u00e3o do Ch\u00e1 Outubro Rosa. O objetivo \u00e9 arrecadar fundos para manter a Casa de Apoio Ana&hellip;<\/p>\n","protected":false},"author":1,"featured_media":0,"comment_status":"open","ping_status":"open","sticky":false,"template":"","format":"standard","meta":{"footnotes":""},"categories":[1],"tags":[2,1252,6],"class_list":["post-1291","post","type-post","status-publish","format-standard","hentry","category-sem-categoria","tag-blog-do-edvaldo-magalhaes","tag-liga-feminina-de-combate-ao-cancer-realiza-acao-para-ajudar-pacientes-que-lutam-contra-a-doenca","tag-noticias"],"_links":{"self":[{"href":"https:\/\/blogdoedvaldomagalhaes.com.br\/index.php\/wp-json\/wp\/v2\/posts\/1291","targetHints":{"allow":["GET"]}}],"collection":[{"href":"https:\/\/blogdoedvaldomagalhaes.com.br\/index.php\/wp-json\/wp\/v2\/posts"}],"about":[{"href":"https:\/\/blogdoedvaldomagalhaes.com.br\/index.php\/wp-json\/wp\/v2\/types\/post"}],"author":[{"embeddable":true,"href":"https:\/\/blogdoedvaldomagalhaes.com.br\/index.php\/wp-json\/wp\/v2\/users\/1"}],"replies":[{"embeddable":true,"href":"https:\/\/blogdoedvaldomagalhaes.com.br\/index.php\/wp-json\/wp\/v2\/comments?post=1291"}],"version-history":[{"count":1,"href":"https:\/\/blogdoedvaldomagalhaes.com.br\/index.php\/wp-json\/wp\/v2\/posts\/1291\/revisions"}],"predecessor-version":[{"id":34123,"href":"https:\/\/blogdoedvaldomagalhaes.com.br\/index.php\/wp-json\/wp\/v2\/posts\/1291\/revisions\/34123"}],"wp:attachment":[{"href":"https:\/\/blogdoedvaldomagalhaes.com.br\/index.php\/wp-json\/wp\/v2\/media?parent=1291"}],"wp:term":[{"taxonomy":"category","embeddable":true,"href":"https:\/\/blogdoedvaldomagalhaes.com.br\/index.php\/wp-json\/wp\/v2\/categories?post=1291"},{"taxonomy":"post_tag","embeddable":true,"href":"https:\/\/blogdoedvaldomagalhaes.com.br\/index.php\/wp-json\/wp\/v2\/tags?post=1291"}],"curies":[{"name":"wp","href":"https:\/\/api.w.org\/{rel}","templated":true}]}}