{"id":128958,"date":"2026-05-02T22:23:57","date_gmt":"2026-05-03T01:23:57","guid":{"rendered":"https:\/\/blogdoedvaldomagalhaes.com.br\/?p=128958"},"modified":"2026-05-02T22:29:15","modified_gmt":"2026-05-03T01:29:15","slug":"atendimento-ao-eleitor-com-acao-de-inclusao-em-caruaru-neste-domingo-02","status":"publish","type":"post","link":"https:\/\/blogdoedvaldomagalhaes.com.br\/index.php\/2026\/05\/02\/atendimento-ao-eleitor-com-acao-de-inclusao-em-caruaru-neste-domingo-02\/","title":{"rendered":"Atendimento ao eleitor com a\u00e7\u00e3o de inclus\u00e3o em Caruaru neste domingo (02)"},"content":{"rendered":"<p>O final de semana de atendimento ao eleitor promovido pelo Tribunal Regional Eleitoral de Pernambuco (TRE-PE) foi marcado por uma a\u00e7\u00e3o de cidadania e inclus\u00e3o voltada a pessoas com defici\u00eancia. Entre a sexta-feira (1\u00ba) e o s\u00e1bado (2), a Comiss\u00e3o Multidisciplinar de Acessibilidade (CMA) do Tribunal realizou uma iniciativa que garantiu transporte adaptado a eleitores e eleitoras com defici\u00eancia, assegurando o deslocamento de casa at\u00e9 as unidades de atendimento da Justi\u00e7a Eleitoral e o retorno com conforto e seguran\u00e7a. <\/p>\n<p>Confira o v\u00eddeo com um resumo da a\u00e7\u00e3o. <\/p>\n<p>A a\u00e7\u00e3o ocorreu mesmo diante das adversidades clim\u00e1ticas. Na sexta-feira (1\u00ba), apesar das fortes chuvas, os atendimentos foram realizados em Vit\u00f3ria de Santo Ant\u00e3o, na Zona da Mata. No s\u00e1bado (2), a iniciativa contemplou eleitores do Recife, Jaboat\u00e3o dos Guararapes e Olinda. Neste domingo (3), a a\u00e7\u00e3o de cidadania e inclus\u00e3o ser\u00e1 realizada em Caruaru (Agreste). <\/p>\n<p>Por meio do transporte adaptado, eleitores com defici\u00eancia puderam acessar servi\u00e7os como alistamento eleitoral, revis\u00e3o de dados cadastrais, atualiza\u00e7\u00e3o biom\u00e9trica e transfer\u00eancia de domic\u00edlio eleitoral. A medida buscou eliminar barreiras de acessibilidade, garantindo o direito ao exerc\u00edcio da cidadania em condi\u00e7\u00f5es de igualdade. <\/p>\n<p>\u201cEu vim regularizar o t\u00edtulo, que estava cancelado, e achei o projeto legal. Foi r\u00e1pido, tranquilo e acessibilidade, 100%\u201d, disse Carlos Alexandre de Melo Alves, morador do Ipsep, Zona Oeste do Recife, um dos atendidos pela a\u00e7\u00e3o.<br \/>\nA iniciativa integra o projeto Elei\u00e7\u00f5es Acess\u00edveis, do TRE-PE, criado em 2020 com o objetivo de promover a participa\u00e7\u00e3o das pessoas com defici\u00eancia no processo eleitoral. Desde ent\u00e3o, o projeto assegura transporte gratuito, com ve\u00edculos adaptados, ligando a resid\u00eancia do eleitor ou eleitora \u00e0 unidade de atendimento ou ao local de vota\u00e7\u00e3o, sempre priorizando conforto, seguran\u00e7a e autonomia. <\/p>\n<p>Para participar da a\u00e7\u00e3o, os eleitores e eleitoras realizaram o agendamento pr\u00e9vio por meio de um n\u00famero exclusivo de WhatsApp, pelo (81) 97908\u20111883, enviando mensagem de texto com a solicita\u00e7\u00e3o do servi\u00e7o. O atendimento ocorreu de acordo com a ordem de agendamento e a disponibilidade de vagas.<br \/>\nInclus\u00e3o como prioridade <\/p>\n<p>As resolu\u00e7\u00f5es que regem as Elei\u00e7\u00f5es 2026 refor\u00e7am a inclus\u00e3o das pessoas com defici\u00eancia como um dos pilares do processo eleitoral, destacando a necessidade de remo\u00e7\u00e3o de barreiras que dificultem a participa\u00e7\u00e3o desse p\u00fablico.   <\/p>\n<p>\u201cO tribunal tem fortalecido essa iniciativa a cada elei\u00e7\u00e3o e estamos trabalhando para aprimor\u00e1-la cada vez mais\u201d, afirmou o coordenador da Comiss\u00e3o Multidisciplinar de Acessibilidade do TRE-PE, Ac\u00e1cio Leite.<br \/>\nSiga o Instagram @portaledvaldomagalhaes<br \/>\nFoto: Divulga\u00e7\u00e3o\/TRE-PE<\/p>\n","protected":false},"excerpt":{"rendered":"<p>O final de semana de atendimento ao eleitor promovido pelo Tribunal Regional Eleitoral de Pernambuco (TRE-PE) foi marcado por uma&hellip;<\/p>\n","protected":false},"author":1,"featured_media":128959,"comment_status":"closed","ping_status":"open","sticky":false,"template":"","format":"standard","meta":{"footnotes":""},"categories":[14120],"tags":[36409,13146,34634],"class_list":["post-128958","post","type-post","status-publish","format-standard","has-post-thumbnail","hentry","category-noticias","tag-atendimento-ao-eleitor-com-acao-de-inclusao-em-caruaru-neste-domingo-02","tag-blog-edvaldo-magalhaes","tag-portal-edvaldo-magalhaes"],"_links":{"self":[{"href":"https:\/\/blogdoedvaldomagalhaes.com.br\/index.php\/wp-json\/wp\/v2\/posts\/128958","targetHints":{"allow":["GET"]}}],"collection":[{"href":"https:\/\/blogdoedvaldomagalhaes.com.br\/index.php\/wp-json\/wp\/v2\/posts"}],"about":[{"href":"https:\/\/blogdoedvaldomagalhaes.com.br\/index.php\/wp-json\/wp\/v2\/types\/post"}],"author":[{"embeddable":true,"href":"https:\/\/blogdoedvaldomagalhaes.com.br\/index.php\/wp-json\/wp\/v2\/users\/1"}],"replies":[{"embeddable":true,"href":"https:\/\/blogdoedvaldomagalhaes.com.br\/index.php\/wp-json\/wp\/v2\/comments?post=128958"}],"version-history":[{"count":4,"href":"https:\/\/blogdoedvaldomagalhaes.com.br\/index.php\/wp-json\/wp\/v2\/posts\/128958\/revisions"}],"predecessor-version":[{"id":128963,"href":"https:\/\/blogdoedvaldomagalhaes.com.br\/index.php\/wp-json\/wp\/v2\/posts\/128958\/revisions\/128963"}],"wp:featuredmedia":[{"embeddable":true,"href":"https:\/\/blogdoedvaldomagalhaes.com.br\/index.php\/wp-json\/wp\/v2\/media\/128959"}],"wp:attachment":[{"href":"https:\/\/blogdoedvaldomagalhaes.com.br\/index.php\/wp-json\/wp\/v2\/media?parent=128958"}],"wp:term":[{"taxonomy":"category","embeddable":true,"href":"https:\/\/blogdoedvaldomagalhaes.com.br\/index.php\/wp-json\/wp\/v2\/categories?post=128958"},{"taxonomy":"post_tag","embeddable":true,"href":"https:\/\/blogdoedvaldomagalhaes.com.br\/index.php\/wp-json\/wp\/v2\/tags?post=128958"}],"curies":[{"name":"wp","href":"https:\/\/api.w.org\/{rel}","templated":true}]}}