{"id":128953,"date":"2026-05-02T21:58:29","date_gmt":"2026-05-03T00:58:29","guid":{"rendered":"https:\/\/blogdoedvaldomagalhaes.com.br\/?p=128953"},"modified":"2026-05-02T22:12:08","modified_gmt":"2026-05-03T01:12:08","slug":"veja-situacao-dos-municipios-que-tiveram-o-abastecimento-de-agua-afetados-pelas-chuvas-na-zona-da-mata-e-agreste","status":"publish","type":"post","link":"https:\/\/blogdoedvaldomagalhaes.com.br\/index.php\/2026\/05\/02\/veja-situacao-dos-municipios-que-tiveram-o-abastecimento-de-agua-afetados-pelas-chuvas-na-zona-da-mata-e-agreste\/","title":{"rendered":"Veja situa\u00e7\u00e3o dos munic\u00edpios que tiveram o abastecimento de \u00e1gua afetados pelas chuvas na Zona da Mata e Agreste"},"content":{"rendered":"<p>A Compesa est\u00e1 mobilizada para restabelecer o mais r\u00e1pido poss\u00edvel os sistemas de abastecimento de \u00e1gua afetados pelas chuvas desde sexta-feira (01) nas regi\u00f5es da Mata Norte, Sul e Agreste. Nesse per\u00edodo foram registradas ocorr\u00eancias envolvendo as cidades de Alian\u00e7a, Itaquitinga, Timba\u00faba, Vic\u00eancia, Ch\u00e3 de Alegria, Timba\u00faba, Nazar\u00e9 da Mata, Ferreiros, Bom Jardim, Jo\u00e3o Alfredo, Orob\u00f3, Gl\u00f3ria do Goit\u00e1, Limoeiro, Vit\u00f3ria de Santo Ant\u00e3o, Escada, Sirinha\u00e9m e Bezerros.<\/p>\n<p>Em Alian\u00e7a, o fornecimento de \u00e1gua est\u00e1 suspenso ap\u00f3s a balsa do conjunto de bombas ser submersa pela \u00e1gua. Equipes est\u00e3o trabalhando e a expectativa \u00e9 que ainda hoje consigam restabelecer a opera\u00e7\u00e3o do sistema.<\/p>\n<p>Na cidade de  Itaquitinga, Timba\u00faba, Vic\u00eancia e Ch\u00e3 de Alegria, a elevada turbidez da \u00e1gua dos mananciais que atendem os quatro munic\u00edpios impossibilitou o tratamento e provocou a suspens\u00e3o do abastecimento. Al\u00e9m disso, em Timba\u00faba, a unidade de bombeamento est\u00e1 inundada. A expectativa \u00e9 que o retorno do abastecimento ocorra o mais r\u00e1pido poss\u00edvel. Cinco caminh\u00f5es-pipa ser\u00e3o enviados \u00e0 localidade para atender emergencialmente a popula\u00e7\u00e3o. <\/p>\n<p>Em Nazar\u00e9 da Mata, a forte correnteza do manancial arrastou equipamentos da capta\u00e7\u00e3o. Equipes est\u00e3o atuando para restabelecer o fornecimento o mais breve poss\u00edvel.<\/p>\n<p>No munic\u00edpio de Ferreiros, a esta\u00e7\u00e3o elevat\u00f3ria (sistema de bombeamento) foi inundada provocando a paralisa\u00e7\u00e3o do sistema. A expectativa das equipes \u00e9 tamb\u00e9m retomar o abastecimento o mais breve poss\u00edvel.<\/p>\n<p>Em Bom Jardim, Jo\u00e3o Alfredo (parcialmente) e Orob\u00f3, os equipamentos da esta\u00e7\u00e3o elevat\u00f3ria est\u00e3o com as tens\u00f5es desbalanceadas. A Neoenergia foi acionada para resolver a situa\u00e7\u00e3o.<\/p>\n<p>Na cidade de Gl\u00f3ria do Goit\u00e1, foi identificado um vazamento da adutora provocado pelo desacoplamento da tubula\u00e7\u00e3o. A equipe est\u00e1 atuando para concluir o servi\u00e7o ainda hoje.<\/p>\n<p>Em Limoeiro, o sistema est\u00e1 operando com vaz\u00e3o reduzida devido a um vazamento na adutora de Bizarra. Ao longo deste s\u00e1bado, os servi\u00e7os devem ser finalizados.<\/p>\n<p>Mata Sul &#8211;<\/p>\n<p> Em Vit\u00f3ria de Santo Ant\u00e3o e em Escada, as esta\u00e7\u00f5es elevat\u00f3rias (sistema de bombeamento) Jussara e Pata Choca, respectivamente, est\u00e3o paradas devido ao alto risco de inunda\u00e7\u00e3o das unidades. Equipes est\u00e3o monitorando o n\u00edvel dos mananciais.<\/p>\n<p>Na cidade de Sirinha\u00e9m, foi registrado estouramento da adutora. A equipe est\u00e1 avaliando o n\u00edvel do manancial para que os servi\u00e7os possam ser executados.<\/p>\n<p>Agreste &#8211; <\/p>\n<p>Em Bezerros, o Sistema Brej\u00e3o\/Ara\u00e7\u00e1 est\u00e1 parado desde ontem (1) por falta de energia. A previs\u00e3o \u00e9 que o fornecimento retorne ainda hoje. O munic\u00edpio est\u00e1 sendo atendido exclusivamente pela Adutora do Agreste.<br \/>\nSiga o Instagram @portaledvaldomagalhaes<br \/>\nFoto: Corpo de Bombeiros<\/p>\n","protected":false},"excerpt":{"rendered":"<p>A Compesa est\u00e1 mobilizada para restabelecer o mais r\u00e1pido poss\u00edvel os sistemas de abastecimento de \u00e1gua afetados pelas chuvas desde&hellip;<\/p>\n","protected":false},"author":1,"featured_media":128955,"comment_status":"closed","ping_status":"open","sticky":false,"template":"","format":"standard","meta":{"footnotes":""},"categories":[14120],"tags":[13146,34634,36408],"class_list":["post-128953","post","type-post","status-publish","format-standard","has-post-thumbnail","hentry","category-noticias","tag-blog-edvaldo-magalhaes","tag-portal-edvaldo-magalhaes","tag-veja-situacao-dos-municipios-que-tiveram-o-abastecimento-de-agua-afetados-pelas-chuvas-na-zona-da-mata-e-agreste"],"_links":{"self":[{"href":"https:\/\/blogdoedvaldomagalhaes.com.br\/index.php\/wp-json\/wp\/v2\/posts\/128953","targetHints":{"allow":["GET"]}}],"collection":[{"href":"https:\/\/blogdoedvaldomagalhaes.com.br\/index.php\/wp-json\/wp\/v2\/posts"}],"about":[{"href":"https:\/\/blogdoedvaldomagalhaes.com.br\/index.php\/wp-json\/wp\/v2\/types\/post"}],"author":[{"embeddable":true,"href":"https:\/\/blogdoedvaldomagalhaes.com.br\/index.php\/wp-json\/wp\/v2\/users\/1"}],"replies":[{"embeddable":true,"href":"https:\/\/blogdoedvaldomagalhaes.com.br\/index.php\/wp-json\/wp\/v2\/comments?post=128953"}],"version-history":[{"count":3,"href":"https:\/\/blogdoedvaldomagalhaes.com.br\/index.php\/wp-json\/wp\/v2\/posts\/128953\/revisions"}],"predecessor-version":[{"id":128957,"href":"https:\/\/blogdoedvaldomagalhaes.com.br\/index.php\/wp-json\/wp\/v2\/posts\/128953\/revisions\/128957"}],"wp:featuredmedia":[{"embeddable":true,"href":"https:\/\/blogdoedvaldomagalhaes.com.br\/index.php\/wp-json\/wp\/v2\/media\/128955"}],"wp:attachment":[{"href":"https:\/\/blogdoedvaldomagalhaes.com.br\/index.php\/wp-json\/wp\/v2\/media?parent=128953"}],"wp:term":[{"taxonomy":"category","embeddable":true,"href":"https:\/\/blogdoedvaldomagalhaes.com.br\/index.php\/wp-json\/wp\/v2\/categories?post=128953"},{"taxonomy":"post_tag","embeddable":true,"href":"https:\/\/blogdoedvaldomagalhaes.com.br\/index.php\/wp-json\/wp\/v2\/tags?post=128953"}],"curies":[{"name":"wp","href":"https:\/\/api.w.org\/{rel}","templated":true}]}}