{"id":128950,"date":"2026-05-02T21:49:44","date_gmt":"2026-05-03T00:49:44","guid":{"rendered":"https:\/\/blogdoedvaldomagalhaes.com.br\/?p=128950"},"modified":"2026-05-02T21:49:44","modified_gmt":"2026-05-03T00:49:44","slug":"governo-de-pernambuco-anuncia-interdicao-da-ponte-da-pe-145","status":"publish","type":"post","link":"https:\/\/blogdoedvaldomagalhaes.com.br\/index.php\/2026\/05\/02\/governo-de-pernambuco-anuncia-interdicao-da-ponte-da-pe-145\/","title":{"rendered":"Governo de Pernambuco anuncia interdi\u00e7\u00e3o da ponte da PE-145"},"content":{"rendered":"<p>Governo de Pernambuco, por meio da Secretaria de Mobilidade e Infraestrutura (Semobi) e do Departamento de Estradas de Rodagem (DER-PE), informa que o trecho da PE-145, no Km 15, em Caruaru, est\u00e1 totalmente interditado em car\u00e1ter emergencial a partir deste domingo (03) at\u00e9 o dia 10 de maio. <\/p>\n<p>A medida foi adotada ap\u00f3s inspe\u00e7\u00e3o t\u00e9cnica constatar comprometimento estrutural grave na ponte existente no local, com risco \u00e0 seguran\u00e7a dos usu\u00e1rios.<\/p>\n<p>Desde o dia 15 de abril, equipes atuavam com a\u00e7\u00f5es emergenciais, como sinaliza\u00e7\u00e3o, opera\u00e7\u00e3o em sistema \u201cPare e Siga\u201d e escoramento da estrutura.<br \/>\nNo entanto, devido \u00e0s fortes chuvas recentes, houve agravamento da situa\u00e7\u00e3o, tornando necess\u00e1ria a interdi\u00e7\u00e3o total imediata.<\/p>\n<p>O DER-PE informa que j\u00e1 est\u00e1 em elabora\u00e7\u00e3o o projeto executivo para a recupera\u00e7\u00e3o definitiva da ponte.<\/p>\n<p>Rotas alternativas:<br \/>\nVia Belo Jardim (PE-166)<br \/>\nVia Jata\u00faba (PE-160)<br \/>\nEquipes seguem monitorando a \u00e1rea de forma permanente. <\/p>\n<p>A partir de amanh\u00e3 duas viaturas da Pol\u00edcia Militar estar\u00e3o no local orientando os condutores.<\/p>\n<p>O DER-PE informa ainda que est\u00e1 em contato com os prefeitos dos munic\u00edpios da regi\u00e3o para comunicar a interdi\u00e7\u00e3o e alinhar o apoio de agentes municipais, que ir\u00e3o atuar no local orientando o tr\u00e1fego.<\/p>\n<p>A interdi\u00e7\u00e3o \u00e9 uma medida preventiva e indispens\u00e1vel para a preserva\u00e7\u00e3o de vidas. O Governo do Estado orienta os motoristas a utilizarem as rotas alternativas e respeitarem a sinaliza\u00e7\u00e3o implantada.<br \/>\nFoto: Divulga\u00e7\u00e3o\/Semobi <\/p>\n","protected":false},"excerpt":{"rendered":"<p>Governo de Pernambuco, por meio da Secretaria de Mobilidade e Infraestrutura (Semobi) e do Departamento de Estradas de Rodagem (DER-PE),&hellip;<\/p>\n","protected":false},"author":1,"featured_media":128951,"comment_status":"closed","ping_status":"open","sticky":false,"template":"","format":"standard","meta":{"footnotes":""},"categories":[14120],"tags":[13146,36407,34634],"class_list":["post-128950","post","type-post","status-publish","format-standard","has-post-thumbnail","hentry","category-noticias","tag-blog-edvaldo-magalhaes","tag-governo-de-pernambuco-anuncia-interdicao-da-ponte-da-pe-145","tag-portal-edvaldo-magalhaes"],"_links":{"self":[{"href":"https:\/\/blogdoedvaldomagalhaes.com.br\/index.php\/wp-json\/wp\/v2\/posts\/128950","targetHints":{"allow":["GET"]}}],"collection":[{"href":"https:\/\/blogdoedvaldomagalhaes.com.br\/index.php\/wp-json\/wp\/v2\/posts"}],"about":[{"href":"https:\/\/blogdoedvaldomagalhaes.com.br\/index.php\/wp-json\/wp\/v2\/types\/post"}],"author":[{"embeddable":true,"href":"https:\/\/blogdoedvaldomagalhaes.com.br\/index.php\/wp-json\/wp\/v2\/users\/1"}],"replies":[{"embeddable":true,"href":"https:\/\/blogdoedvaldomagalhaes.com.br\/index.php\/wp-json\/wp\/v2\/comments?post=128950"}],"version-history":[{"count":1,"href":"https:\/\/blogdoedvaldomagalhaes.com.br\/index.php\/wp-json\/wp\/v2\/posts\/128950\/revisions"}],"predecessor-version":[{"id":128952,"href":"https:\/\/blogdoedvaldomagalhaes.com.br\/index.php\/wp-json\/wp\/v2\/posts\/128950\/revisions\/128952"}],"wp:featuredmedia":[{"embeddable":true,"href":"https:\/\/blogdoedvaldomagalhaes.com.br\/index.php\/wp-json\/wp\/v2\/media\/128951"}],"wp:attachment":[{"href":"https:\/\/blogdoedvaldomagalhaes.com.br\/index.php\/wp-json\/wp\/v2\/media?parent=128950"}],"wp:term":[{"taxonomy":"category","embeddable":true,"href":"https:\/\/blogdoedvaldomagalhaes.com.br\/index.php\/wp-json\/wp\/v2\/categories?post=128950"},{"taxonomy":"post_tag","embeddable":true,"href":"https:\/\/blogdoedvaldomagalhaes.com.br\/index.php\/wp-json\/wp\/v2\/tags?post=128950"}],"curies":[{"name":"wp","href":"https:\/\/api.w.org\/{rel}","templated":true}]}}