{"id":128947,"date":"2026-05-02T21:40:28","date_gmt":"2026-05-03T00:40:28","guid":{"rendered":"https:\/\/blogdoedvaldomagalhaes.com.br\/?p=128947"},"modified":"2026-05-02T22:34:26","modified_gmt":"2026-05-03T01:34:26","slug":"em-encontro-com-defesa-civil-nacional-governadora-raquel-lyra-confirma-reuniao-com-prefeitos","status":"publish","type":"post","link":"https:\/\/blogdoedvaldomagalhaes.com.br\/index.php\/2026\/05\/02\/em-encontro-com-defesa-civil-nacional-governadora-raquel-lyra-confirma-reuniao-com-prefeitos\/","title":{"rendered":"Em encontro com Defesa Civil Nacional, governadora Raquel Lyra confirma reuni\u00e3o com prefeitos"},"content":{"rendered":"<p>Dando continuidade \u00e0s a\u00e7\u00f5es do Governo de Pernambuco em consequ\u00eancias das chuvas que atingem o estado, a governadora Raquel Lyra comandou, neste s\u00e1bado (02), mais uma reuni\u00e3o de acompanhamento da situa\u00e7\u00e3o, ao lado de secret\u00e1rios estaduais, representantes de \u00f3rg\u00e3os do Governo de Pernambuco e do diretor do Departamento de Restabelecimento e Reconstru\u00e7\u00e3o da Defesa Civil Nacional, Paulo Falc\u00e3o. O monitoramento hoje teve in\u00edcio no come\u00e7o da manh\u00e3 coordenado pela vice-governadora Priscila Krause.<\/p>\n<p>Durante o encontro, em conjunto com a Defesa Civil Nacional, a gestora anunciou que o Governo de Pernambuco realizar\u00e1, ainda na tarde deste s\u00e1bado, uma reuni\u00e3o virtual com os prefeitos dos munic\u00edpios atingidos. O objetivo \u00e9 fazer um levantamento detalhado dos danos causados pelas chuvas, fortalecer a assist\u00eancia humanit\u00e1ria \u00e0s fam\u00edlias afetadas e acelerar a execu\u00e7\u00e3o de a\u00e7\u00f5es emergenciais realizadas pelo Estado.<\/p>\n<p>O Corpo de Bombeiros fez o resgate de 525 pessoas. Cinco mortes foram registradas. Neste s\u00e1bado foi confirmada a morte de uma crian\u00e7a de um ano e seis meses, resgatada do desabamento de barreira em Dois Unidos, Zona Norte do Recife. A governadora expressou sua solidariedade \u00e0s fam\u00edlias das v\u00edtimas. \u201cComo m\u00e3e, mulher, cidad\u00e3 e governadora, manifesto minha solidariedade \u00e0s fam\u00edlias das cinco v\u00edtimas fatais das fortes chuvas de ontem, na Regi\u00e3o Metropolitana. Que Deus conforte o cora\u00e7\u00e3o de todos neste momento t\u00e3o dif\u00edcil\u201d, afirmou a governadora Raquel Lyra.<\/p>\n<p>*INVESTIMENTOS* &#8211; \u201cEstamos fazendo a\u00e7\u00f5es conjuntas com as prefeituras desde ontem e nosso governo est\u00e1 nos territ\u00f3rios trabalhando. Os investimentos s\u00e3o permanentes: estruturamos a Defesa Civil e o Corpo de Bombeiros. Hoje s\u00e3o 26 botes de salvamento, quando no passado eram quatro. Em tr\u00eas anos, o Governo de Pernambuco ampliou investimento em obras de encostas de R$ 1 milh\u00e3o para R$ 444 milh\u00f5es\u201d, completou a governadora.<\/p>\n<p>&#8220;Estamos aqui para auxiliar o Governo de Pernambuco e os munic\u00edpios atingidos. Vamos identificar os danos, alinhar e orientar os pleitos que forem necess\u00e1rios juntamente com a Defesa Civil Nacional. Vamos manter aqui a nossa equipe o tempo que for necess\u00e1rio, para auxiliar no que for preciso\u201d, disse Paulo Falc\u00e3o.<br \/>\nSiga o Instagram @portaledvaldomagalhaes<br \/>\nFoto: Miva Filho\/Secom<\/p>\n","protected":false},"excerpt":{"rendered":"<p>Dando continuidade \u00e0s a\u00e7\u00f5es do Governo de Pernambuco em consequ\u00eancias das chuvas que atingem o estado, a governadora Raquel Lyra&hellip;<\/p>\n","protected":false},"author":1,"featured_media":128948,"comment_status":"closed","ping_status":"open","sticky":false,"template":"","format":"standard","meta":{"footnotes":""},"categories":[14122],"tags":[13146,36405,36406,34634],"class_list":["post-128947","post","type-post","status-publish","format-standard","has-post-thumbnail","hentry","category-politica","tag-blog-edvaldo-magalhaes","tag-em-encontro-com-defesa-civil-nacional","tag-governadora-raquel-lyra-confirma-reuniao-com-prefeitos","tag-portal-edvaldo-magalhaes"],"_links":{"self":[{"href":"https:\/\/blogdoedvaldomagalhaes.com.br\/index.php\/wp-json\/wp\/v2\/posts\/128947","targetHints":{"allow":["GET"]}}],"collection":[{"href":"https:\/\/blogdoedvaldomagalhaes.com.br\/index.php\/wp-json\/wp\/v2\/posts"}],"about":[{"href":"https:\/\/blogdoedvaldomagalhaes.com.br\/index.php\/wp-json\/wp\/v2\/types\/post"}],"author":[{"embeddable":true,"href":"https:\/\/blogdoedvaldomagalhaes.com.br\/index.php\/wp-json\/wp\/v2\/users\/1"}],"replies":[{"embeddable":true,"href":"https:\/\/blogdoedvaldomagalhaes.com.br\/index.php\/wp-json\/wp\/v2\/comments?post=128947"}],"version-history":[{"count":1,"href":"https:\/\/blogdoedvaldomagalhaes.com.br\/index.php\/wp-json\/wp\/v2\/posts\/128947\/revisions"}],"predecessor-version":[{"id":128949,"href":"https:\/\/blogdoedvaldomagalhaes.com.br\/index.php\/wp-json\/wp\/v2\/posts\/128947\/revisions\/128949"}],"wp:featuredmedia":[{"embeddable":true,"href":"https:\/\/blogdoedvaldomagalhaes.com.br\/index.php\/wp-json\/wp\/v2\/media\/128948"}],"wp:attachment":[{"href":"https:\/\/blogdoedvaldomagalhaes.com.br\/index.php\/wp-json\/wp\/v2\/media?parent=128947"}],"wp:term":[{"taxonomy":"category","embeddable":true,"href":"https:\/\/blogdoedvaldomagalhaes.com.br\/index.php\/wp-json\/wp\/v2\/categories?post=128947"},{"taxonomy":"post_tag","embeddable":true,"href":"https:\/\/blogdoedvaldomagalhaes.com.br\/index.php\/wp-json\/wp\/v2\/tags?post=128947"}],"curies":[{"name":"wp","href":"https:\/\/api.w.org\/{rel}","templated":true}]}}