{"id":128914,"date":"2026-04-30T18:58:45","date_gmt":"2026-04-30T21:58:45","guid":{"rendered":"https:\/\/blogdoedvaldomagalhaes.com.br\/?p=128914"},"modified":"2026-04-30T18:58:45","modified_gmt":"2026-04-30T21:58:45","slug":"sintracon-caruaru-realiza-grande-comemoracao-do-1o-de-maio-classista-reunindo-trabalhadores-da-construcao-civil-em-um-momento-de-celebracao-cultura-e-reflexao","status":"publish","type":"post","link":"https:\/\/blogdoedvaldomagalhaes.com.br\/index.php\/2026\/04\/30\/sintracon-caruaru-realiza-grande-comemoracao-do-1o-de-maio-classista-reunindo-trabalhadores-da-construcao-civil-em-um-momento-de-celebracao-cultura-e-reflexao\/","title":{"rendered":"Sintracon Caruaru realiza grande comemora\u00e7\u00e3o do 1\u00ba de Maio classista, reunindo trabalhadores da constru\u00e7\u00e3o civil em um momento de celebra\u00e7\u00e3o, cultura e reflex\u00e3o"},"content":{"rendered":"<p>O SINTRACON Caruaru realiza uma grande comemora\u00e7\u00e3o do 1\u00ba de Maio classista, reunindo trabalhadores e trabalhadoras da constru\u00e7\u00e3o civil em um momento de celebra\u00e7\u00e3o, cultura e reflex\u00e3o. A programa\u00e7\u00e3o come\u00e7a \u00e0s 14h com cantoria de Jo\u00e3o Louren\u00e7o e Jo\u00e3o L\u00eddio, seguida por uma palestra \u00e0s 15h. Encerrando o evento, \u00e0s 16h, o p\u00fablico poder\u00e1 curtir o show de Rubinho Show, al\u00e9m de participar do sorteio de brindes.<\/p>\n<p>A atividade acontecer\u00e1 no Audit\u00f3rio Greg\u00f3rio Bezerra, localizado na Rua Afonso Celso, 25, no bairro S\u00e3o Francisco, em Caruaru. A iniciativa refor\u00e7a a import\u00e2ncia da valoriza\u00e7\u00e3o dos trabalhadores e da luta por direitos, promovendo integra\u00e7\u00e3o e lazer para a categoria.<br \/>\nSiga o Instagram @portaledvaldomagalhaes<br \/>\nFoto: Divulga\u00e7\u00e3o<\/p>\n","protected":false},"excerpt":{"rendered":"<p>O SINTRACON Caruaru realiza uma grande comemora\u00e7\u00e3o do 1\u00ba de Maio classista, reunindo trabalhadores e trabalhadoras da constru\u00e7\u00e3o civil em&hellip;<\/p>\n","protected":false},"author":1,"featured_media":128915,"comment_status":"closed","ping_status":"open","sticky":false,"template":"","format":"standard","meta":{"footnotes":""},"categories":[14120],"tags":[13146,36400,34634,36399],"class_list":["post-128914","post","type-post","status-publish","format-standard","has-post-thumbnail","hentry","category-noticias","tag-blog-edvaldo-magalhaes","tag-dia-do-trabalho","tag-portal-edvaldo-magalhaes","tag-sintracon-caruaru"],"_links":{"self":[{"href":"https:\/\/blogdoedvaldomagalhaes.com.br\/index.php\/wp-json\/wp\/v2\/posts\/128914","targetHints":{"allow":["GET"]}}],"collection":[{"href":"https:\/\/blogdoedvaldomagalhaes.com.br\/index.php\/wp-json\/wp\/v2\/posts"}],"about":[{"href":"https:\/\/blogdoedvaldomagalhaes.com.br\/index.php\/wp-json\/wp\/v2\/types\/post"}],"author":[{"embeddable":true,"href":"https:\/\/blogdoedvaldomagalhaes.com.br\/index.php\/wp-json\/wp\/v2\/users\/1"}],"replies":[{"embeddable":true,"href":"https:\/\/blogdoedvaldomagalhaes.com.br\/index.php\/wp-json\/wp\/v2\/comments?post=128914"}],"version-history":[{"count":1,"href":"https:\/\/blogdoedvaldomagalhaes.com.br\/index.php\/wp-json\/wp\/v2\/posts\/128914\/revisions"}],"predecessor-version":[{"id":128916,"href":"https:\/\/blogdoedvaldomagalhaes.com.br\/index.php\/wp-json\/wp\/v2\/posts\/128914\/revisions\/128916"}],"wp:featuredmedia":[{"embeddable":true,"href":"https:\/\/blogdoedvaldomagalhaes.com.br\/index.php\/wp-json\/wp\/v2\/media\/128915"}],"wp:attachment":[{"href":"https:\/\/blogdoedvaldomagalhaes.com.br\/index.php\/wp-json\/wp\/v2\/media?parent=128914"}],"wp:term":[{"taxonomy":"category","embeddable":true,"href":"https:\/\/blogdoedvaldomagalhaes.com.br\/index.php\/wp-json\/wp\/v2\/categories?post=128914"},{"taxonomy":"post_tag","embeddable":true,"href":"https:\/\/blogdoedvaldomagalhaes.com.br\/index.php\/wp-json\/wp\/v2\/tags?post=128914"}],"curies":[{"name":"wp","href":"https:\/\/api.w.org\/{rel}","templated":true}]}}