{"id":128911,"date":"2026-04-30T17:37:08","date_gmt":"2026-04-30T20:37:08","guid":{"rendered":"https:\/\/blogdoedvaldomagalhaes.com.br\/?p=128911"},"modified":"2026-04-30T17:37:08","modified_gmt":"2026-04-30T20:37:08","slug":"cachoeira-seca-recebe-noite-de-tradicao-com-sao-joao-na-roca-no-maior-sao-joao-do-mundo-nesta-quinta-30","status":"publish","type":"post","link":"https:\/\/blogdoedvaldomagalhaes.com.br\/index.php\/2026\/04\/30\/cachoeira-seca-recebe-noite-de-tradicao-com-sao-joao-na-roca-no-maior-sao-joao-do-mundo-nesta-quinta-30\/","title":{"rendered":"Cachoeira Seca recebe noite de tradi\u00e7\u00e3o com S\u00e3o Jo\u00e3o na Ro\u00e7a, no Maior S\u00e3o Jo\u00e3o do Mundo, nesta quinta (30)"},"content":{"rendered":"<p><span style=\"font-size: revert;\">Nesta quinta-feira (30), o S\u00e3o Jo\u00e3o na Ro\u00e7a desembarca em Cachoeira Seca, levando a programa\u00e7\u00e3o do Maior S\u00e3o Jo\u00e3o do Mundo para mais perto da popula\u00e7\u00e3o, com foco na valoriza\u00e7\u00e3o da m\u00fasica, da cultura popular e das tradi\u00e7\u00f5es nordestinas, atraindo turistas em busca do aut\u00eantico forr\u00f3 p\u00e9 de serra.<\/span><\/p>\n<p>A partir das 18h, o p\u00fablico j\u00e1 come\u00e7a a entrar no clima junino com as apresenta\u00e7\u00f5es do Batalh\u00e3o de Bacamarteiros 56 e da Quadrilha Brincantes do Sert\u00e3o, que circulam pela festa levando tradi\u00e7\u00e3o, cores e anima\u00e7\u00e3o por todo o espa\u00e7o. No palco, a programa\u00e7\u00e3o come\u00e7a \u00e0s 19h, com o Forr\u00f3 Vumbora. Em seguida, \u00e0s 20h45, Josildo S\u00e1 garante um repert\u00f3rio marcado pelo forr\u00f3 aut\u00eantico. Encerrando a noite, \u00e0s 22h30, Elifas Jr. comanda a festa com muito ritmo e energia.<\/p>\n<p>A programa\u00e7\u00e3o completa do S\u00e3o Jo\u00e3o na Ro\u00e7a pode ser conferida no Instagram oficial do S\u00e3o Jo\u00e3o de Caruaru: instagram.com\/p\/DWEf2Wzjp2A\/?igsh=N3M1NzRndDJxb2hpam.<br \/>\nSiga o Instagram @portaledvaldomagalhaes<br \/>\nFoto: Jorge Farias\/Secom\/PMC<\/p>\n","protected":false},"excerpt":{"rendered":"<p>Nesta quinta-feira (30), o S\u00e3o Jo\u00e3o na Ro\u00e7a desembarca em Cachoeira Seca, levando a programa\u00e7\u00e3o do Maior S\u00e3o Jo\u00e3o do&hellip;<\/p>\n","protected":false},"author":1,"featured_media":128912,"comment_status":"closed","ping_status":"open","sticky":false,"template":"","format":"standard","meta":{"footnotes":""},"categories":[14120],"tags":[13146,5428,34634,33674],"class_list":["post-128911","post","type-post","status-publish","format-standard","has-post-thumbnail","hentry","category-noticias","tag-blog-edvaldo-magalhaes","tag-cachoeira-seca","tag-portal-edvaldo-magalhaes","tag-sao-joao-na-roca"],"_links":{"self":[{"href":"https:\/\/blogdoedvaldomagalhaes.com.br\/index.php\/wp-json\/wp\/v2\/posts\/128911","targetHints":{"allow":["GET"]}}],"collection":[{"href":"https:\/\/blogdoedvaldomagalhaes.com.br\/index.php\/wp-json\/wp\/v2\/posts"}],"about":[{"href":"https:\/\/blogdoedvaldomagalhaes.com.br\/index.php\/wp-json\/wp\/v2\/types\/post"}],"author":[{"embeddable":true,"href":"https:\/\/blogdoedvaldomagalhaes.com.br\/index.php\/wp-json\/wp\/v2\/users\/1"}],"replies":[{"embeddable":true,"href":"https:\/\/blogdoedvaldomagalhaes.com.br\/index.php\/wp-json\/wp\/v2\/comments?post=128911"}],"version-history":[{"count":1,"href":"https:\/\/blogdoedvaldomagalhaes.com.br\/index.php\/wp-json\/wp\/v2\/posts\/128911\/revisions"}],"predecessor-version":[{"id":128913,"href":"https:\/\/blogdoedvaldomagalhaes.com.br\/index.php\/wp-json\/wp\/v2\/posts\/128911\/revisions\/128913"}],"wp:featuredmedia":[{"embeddable":true,"href":"https:\/\/blogdoedvaldomagalhaes.com.br\/index.php\/wp-json\/wp\/v2\/media\/128912"}],"wp:attachment":[{"href":"https:\/\/blogdoedvaldomagalhaes.com.br\/index.php\/wp-json\/wp\/v2\/media?parent=128911"}],"wp:term":[{"taxonomy":"category","embeddable":true,"href":"https:\/\/blogdoedvaldomagalhaes.com.br\/index.php\/wp-json\/wp\/v2\/categories?post=128911"},{"taxonomy":"post_tag","embeddable":true,"href":"https:\/\/blogdoedvaldomagalhaes.com.br\/index.php\/wp-json\/wp\/v2\/tags?post=128911"}],"curies":[{"name":"wp","href":"https:\/\/api.w.org\/{rel}","templated":true}]}}