{"id":128908,"date":"2026-04-30T16:59:11","date_gmt":"2026-04-30T19:59:11","guid":{"rendered":"https:\/\/blogdoedvaldomagalhaes.com.br\/?p=128908"},"modified":"2026-04-30T16:59:11","modified_gmt":"2026-04-30T19:59:11","slug":"jorge-quintino-propoe-internet-gratuita-para-alunos-da-rede-publica-de-caruaru","status":"publish","type":"post","link":"https:\/\/blogdoedvaldomagalhaes.com.br\/index.php\/2026\/04\/30\/jorge-quintino-propoe-internet-gratuita-para-alunos-da-rede-publica-de-caruaru\/","title":{"rendered":"Jorge Quintino prop\u00f5e internet gratuita para alunos da rede p\u00fablica de Caruaru"},"content":{"rendered":"<p><span style=\"font-size: revert;\">_Proposta prev\u00ea distribui\u00e7\u00e3o de chips de internet para estudantes em situa\u00e7\u00e3o de vulnerabilidade social_<\/span><\/p>\n<p>O vereador Professor Jorge Quintino (PODE) apresentou um requerimento \u00e0 C\u00e2mara Municipal solicitando a cria\u00e7\u00e3o do Programa *\u201cAluno Conectado\u201d,* iniciativa voltada \u00e0 distribui\u00e7\u00e3o gratuita de chips de internet m\u00f3vel para estudantes da rede p\u00fablica em situa\u00e7\u00e3o de vulnerabilidade social.<\/p>\n<p>A proposta tem como objetivo ampliar o acesso \u00e0 internet entre os alunos, promovendo inclus\u00e3o digital, melhores condi\u00e7\u00f5es de aprendizagem e mais igualdade de oportunidades no ambiente educacional.<\/p>\n<p>De acordo com o parlamentar, a medida busca enfrentar uma realidade que ainda atinge milhares de estudantes: a falta de conectividade, que impacta diretamente o desempenho escolar e a perman\u00eancia na escola.<\/p>\n<p>_\u201cO acesso \u00e0 internet hoje n\u00e3o \u00e9 mais um luxo, \u00e9 uma necessidade b\u00e1sica para o aprendizado. O Programa Aluno Conectado surge como uma ferramenta concreta para reduzir desigualdades e garantir que nenhum estudante fique para tr\u00e1s por falta de acesso \u00e0 tecnologia\u201d,_ afirmou Jorge Quintino.<\/p>\n<p>O requerimento tamb\u00e9m prev\u00ea que a implanta\u00e7\u00e3o do programa possa ocorrer por meio de parcerias com empresas de telecomunica\u00e7\u00f5es, al\u00e9m da utiliza\u00e7\u00e3o de recursos da educa\u00e7\u00e3o e coopera\u00e7\u00e3o com programas federais.<\/p>\n<p>A mat\u00e9ria segue para an\u00e1lise e vota\u00e7\u00e3o no plen\u00e1rio da C\u00e2mara Municipal. \u00a0\u00a0<br \/>Siga o Instagram @portaledvaldomagalhaes<br \/>Foto: Vict\u00f3ria Oliveira\u00a0<\/p>\n\n\n<p><\/p>\n","protected":false},"excerpt":{"rendered":"<p>_Proposta prev\u00ea distribui\u00e7\u00e3o de chips de internet para estudantes em situa\u00e7\u00e3o de vulnerabilidade social_ O vereador Professor Jorge Quintino (PODE)&hellip;<\/p>\n","protected":false},"author":1,"featured_media":128909,"comment_status":"closed","ping_status":"open","sticky":false,"template":"","format":"standard","meta":{"footnotes":""},"categories":[14122],"tags":[13146,9899,20,34634],"class_list":["post-128908","post","type-post","status-publish","format-standard","has-post-thumbnail","hentry","category-politica","tag-blog-edvaldo-magalhaes","tag-jorge-quintino","tag-politica","tag-portal-edvaldo-magalhaes"],"_links":{"self":[{"href":"https:\/\/blogdoedvaldomagalhaes.com.br\/index.php\/wp-json\/wp\/v2\/posts\/128908","targetHints":{"allow":["GET"]}}],"collection":[{"href":"https:\/\/blogdoedvaldomagalhaes.com.br\/index.php\/wp-json\/wp\/v2\/posts"}],"about":[{"href":"https:\/\/blogdoedvaldomagalhaes.com.br\/index.php\/wp-json\/wp\/v2\/types\/post"}],"author":[{"embeddable":true,"href":"https:\/\/blogdoedvaldomagalhaes.com.br\/index.php\/wp-json\/wp\/v2\/users\/1"}],"replies":[{"embeddable":true,"href":"https:\/\/blogdoedvaldomagalhaes.com.br\/index.php\/wp-json\/wp\/v2\/comments?post=128908"}],"version-history":[{"count":1,"href":"https:\/\/blogdoedvaldomagalhaes.com.br\/index.php\/wp-json\/wp\/v2\/posts\/128908\/revisions"}],"predecessor-version":[{"id":128910,"href":"https:\/\/blogdoedvaldomagalhaes.com.br\/index.php\/wp-json\/wp\/v2\/posts\/128908\/revisions\/128910"}],"wp:featuredmedia":[{"embeddable":true,"href":"https:\/\/blogdoedvaldomagalhaes.com.br\/index.php\/wp-json\/wp\/v2\/media\/128909"}],"wp:attachment":[{"href":"https:\/\/blogdoedvaldomagalhaes.com.br\/index.php\/wp-json\/wp\/v2\/media?parent=128908"}],"wp:term":[{"taxonomy":"category","embeddable":true,"href":"https:\/\/blogdoedvaldomagalhaes.com.br\/index.php\/wp-json\/wp\/v2\/categories?post=128908"},{"taxonomy":"post_tag","embeddable":true,"href":"https:\/\/blogdoedvaldomagalhaes.com.br\/index.php\/wp-json\/wp\/v2\/tags?post=128908"}],"curies":[{"name":"wp","href":"https:\/\/api.w.org\/{rel}","templated":true}]}}