{"id":128905,"date":"2026-04-30T14:40:14","date_gmt":"2026-04-30T17:40:14","guid":{"rendered":"https:\/\/blogdoedvaldomagalhaes.com.br\/?p=128905"},"modified":"2026-04-30T14:40:14","modified_gmt":"2026-04-30T17:40:14","slug":"ceaca-registra-variacao-em-79-produtos-e-destaca-itens-mais-baratos-para-o-consumidor","status":"publish","type":"post","link":"https:\/\/blogdoedvaldomagalhaes.com.br\/index.php\/2026\/04\/30\/ceaca-registra-variacao-em-79-produtos-e-destaca-itens-mais-baratos-para-o-consumidor\/","title":{"rendered":"Ceaca registra varia\u00e7\u00e3o em 79 produtos e destaca itens mais baratos para o consumidor"},"content":{"rendered":"<p><span style=\"font-size: revert;\">Levantamento da Central de Abastecimento de Caruaru (Ceaca), referente ao per\u00edodo de 21 a 28 de abril, analisou 79 produtos. Do total, 16 apresentaram redu\u00e7\u00e3o de pre\u00e7o, sendo o principal destaque da semana, enquanto 8 itens tiveram aumento e a maioria, 55 produtos, manteve estabilidade.<\/span><\/p>\n<p>Entre os mais baratos, est\u00e3o alimentos bastante consumidos no dia a dia, como alho (importado e nacional, -17%), cenoura (-20%), batata-doce (at\u00e9 -28%), car\u00e1 S\u00e3o Tom\u00e9 (-33%), lim\u00e3o Taiti (-33%) e mel\u00e3o espanhol (-23%), refor\u00e7ando o al\u00edvio no bolso do consumidor.<\/p>\n<p>J\u00e1 entre os produtos que subiram de pre\u00e7o, aparecem banana ma\u00e7\u00e3, banana prata e tomate (todos com +33%), al\u00e9m de manga tommy (+14%), uva It\u00e1lia (+13%) e pinha (+38%). Mesmo assim, a ampla quantidade de itens com pre\u00e7os mantidos, a exemplo do abacate, alface, cebola, pepino e mam\u00e3o, garante diversidade e equil\u00edbrio nas compras.<\/p>\n<p>Consumidora frequente da Ceaca, a dona de casa Carmela Freitas resume os motivos da prefer\u00eancia. \u201cEu s\u00f3 fa\u00e7o minhas compras aqui por causa dos pre\u00e7os mais em conta, da qualidade dos produtos e tamb\u00e9m pela facilidade de estacionar, que ajuda muito no dia a dia.\u201d<br \/>Funcionando 24 horas, a Ceaca atende atacado e varejo, com ampla oferta de frutas, verduras, hortali\u00e7as e temperos. Localizada na BR-104, no bairro Cidade Alta, em Caruaru, a central segue como refer\u00eancia no abastecimento regional, fortalecendo a economia local e o acesso da popula\u00e7\u00e3o a alimentos de qualidade. \u00a0<br \/>Siga o Instagram @portaledvaldomagalhaes. \u00a0 \u00a0<br \/>Foto: Divulga\u00e7\u00e3o\u00a0<\/p>\n\n\n<p><\/p>\n","protected":false},"excerpt":{"rendered":"<p>Levantamento da Central de Abastecimento de Caruaru (Ceaca), referente ao per\u00edodo de 21 a 28 de abril, analisou 79 produtos.&hellip;<\/p>\n","protected":false},"author":1,"featured_media":128906,"comment_status":"closed","ping_status":"open","sticky":false,"template":"","format":"standard","meta":{"footnotes":""},"categories":[14120],"tags":[13146,5958,34634],"class_list":["post-128905","post","type-post","status-publish","format-standard","has-post-thumbnail","hentry","category-noticias","tag-blog-edvaldo-magalhaes","tag-ceaca","tag-portal-edvaldo-magalhaes"],"_links":{"self":[{"href":"https:\/\/blogdoedvaldomagalhaes.com.br\/index.php\/wp-json\/wp\/v2\/posts\/128905","targetHints":{"allow":["GET"]}}],"collection":[{"href":"https:\/\/blogdoedvaldomagalhaes.com.br\/index.php\/wp-json\/wp\/v2\/posts"}],"about":[{"href":"https:\/\/blogdoedvaldomagalhaes.com.br\/index.php\/wp-json\/wp\/v2\/types\/post"}],"author":[{"embeddable":true,"href":"https:\/\/blogdoedvaldomagalhaes.com.br\/index.php\/wp-json\/wp\/v2\/users\/1"}],"replies":[{"embeddable":true,"href":"https:\/\/blogdoedvaldomagalhaes.com.br\/index.php\/wp-json\/wp\/v2\/comments?post=128905"}],"version-history":[{"count":1,"href":"https:\/\/blogdoedvaldomagalhaes.com.br\/index.php\/wp-json\/wp\/v2\/posts\/128905\/revisions"}],"predecessor-version":[{"id":128907,"href":"https:\/\/blogdoedvaldomagalhaes.com.br\/index.php\/wp-json\/wp\/v2\/posts\/128905\/revisions\/128907"}],"wp:featuredmedia":[{"embeddable":true,"href":"https:\/\/blogdoedvaldomagalhaes.com.br\/index.php\/wp-json\/wp\/v2\/media\/128906"}],"wp:attachment":[{"href":"https:\/\/blogdoedvaldomagalhaes.com.br\/index.php\/wp-json\/wp\/v2\/media?parent=128905"}],"wp:term":[{"taxonomy":"category","embeddable":true,"href":"https:\/\/blogdoedvaldomagalhaes.com.br\/index.php\/wp-json\/wp\/v2\/categories?post=128905"},{"taxonomy":"post_tag","embeddable":true,"href":"https:\/\/blogdoedvaldomagalhaes.com.br\/index.php\/wp-json\/wp\/v2\/tags?post=128905"}],"curies":[{"name":"wp","href":"https:\/\/api.w.org\/{rel}","templated":true}]}}