{"id":1289,"date":"2018-09-17T22:10:00","date_gmt":"2018-09-18T01:10:00","guid":{"rendered":"http:\/\/blogdoedvaldomagalhaes.com.br\/index.php\/2018\/09\/17\/pm-captura-internos-que-fugiram-da\/"},"modified":"2019-02-09T02:31:15","modified_gmt":"2019-02-09T04:31:15","slug":"pm-captura-internos-que-fugiram-da","status":"publish","type":"post","link":"https:\/\/blogdoedvaldomagalhaes.com.br\/index.php\/2018\/09\/17\/pm-captura-internos-que-fugiram-da\/","title":{"rendered":"PM captura internos que fugiram da Funase de Caruaru"},"content":{"rendered":"<p><\/p>\n<div class=\"separator\" style=\"clear: both; text-align: center;\">\n<a href=\"https:\/\/2.bp.blogspot.com\/-k-exfixyzw8\/W6AldDmXzvI\/AAAAAAAA6Fo\/XXmy8pyuYy4Uob0Sj5aXdb0Yr_IuiLclQCLcBGAs\/s1600\/pm.jpg\" imageanchor=\"1\" style=\"margin-left: 1em; margin-right: 1em;\"><img loading=\"lazy\" decoding=\"async\" border=\"0\" data-original-height=\"382\" data-original-width=\"759\" height=\"322\" src=\"http:\/\/blogdoedvaldomagalhaes.com.br\/wp-content\/uploads\/2018\/09\/pm.jpg\" width=\"640\" \/><\/a><\/div>\n<div style=\"text-align: justify;\">\n<\/div>\n<div style=\"text-align: justify;\">\n<b>Nota&nbsp;<\/b><\/p>\n<p>A Funda\u00e7\u00e3o de Atendimento Socioeducativo (Funase) informa que, por volta das 11h30 desta segunda-feira, registrou a fuga de 11 internos do Centro de Atendimento Socioeducativo (Case) Caruaru. Os socioeducandos estavam praticando atividades esportivas nas \u00e1reas de conviv\u00eancia quando conseguiram sair da unidade ap\u00f3s o arrombamento de um port\u00e3o lateral. O Batalh\u00e3o Integrado Especializado (Biesp) da Pol\u00edcia Militar (PM) foi acionado e realiza buscas pelos fugitivos. At\u00e9 o momento, nove foram recapturados. N\u00e3o houve motim. Ningu\u00e9m ficou ferido. O caso ser\u00e1 investigado pela Corregedoria da Funase.<\/p><\/div>\n<p><\/p>\n","protected":false},"excerpt":{"rendered":"<p>Nota&nbsp; A Funda\u00e7\u00e3o de Atendimento Socioeducativo (Funase) informa que, por volta das 11h30 desta segunda-feira, registrou a fuga de 11&hellip;<\/p>\n","protected":false},"author":1,"featured_media":0,"comment_status":"open","ping_status":"open","sticky":false,"template":"","format":"standard","meta":{"footnotes":""},"categories":[1],"tags":[2,1250,13],"class_list":["post-1289","post","type-post","status-publish","format-standard","hentry","category-sem-categoria","tag-blog-do-edvaldo-magalhaes","tag-pm-captura-internos-que-fugiram-da-funase-de-caruaru","tag-policial"],"_links":{"self":[{"href":"https:\/\/blogdoedvaldomagalhaes.com.br\/index.php\/wp-json\/wp\/v2\/posts\/1289","targetHints":{"allow":["GET"]}}],"collection":[{"href":"https:\/\/blogdoedvaldomagalhaes.com.br\/index.php\/wp-json\/wp\/v2\/posts"}],"about":[{"href":"https:\/\/blogdoedvaldomagalhaes.com.br\/index.php\/wp-json\/wp\/v2\/types\/post"}],"author":[{"embeddable":true,"href":"https:\/\/blogdoedvaldomagalhaes.com.br\/index.php\/wp-json\/wp\/v2\/users\/1"}],"replies":[{"embeddable":true,"href":"https:\/\/blogdoedvaldomagalhaes.com.br\/index.php\/wp-json\/wp\/v2\/comments?post=1289"}],"version-history":[{"count":1,"href":"https:\/\/blogdoedvaldomagalhaes.com.br\/index.php\/wp-json\/wp\/v2\/posts\/1289\/revisions"}],"predecessor-version":[{"id":34127,"href":"https:\/\/blogdoedvaldomagalhaes.com.br\/index.php\/wp-json\/wp\/v2\/posts\/1289\/revisions\/34127"}],"wp:attachment":[{"href":"https:\/\/blogdoedvaldomagalhaes.com.br\/index.php\/wp-json\/wp\/v2\/media?parent=1289"}],"wp:term":[{"taxonomy":"category","embeddable":true,"href":"https:\/\/blogdoedvaldomagalhaes.com.br\/index.php\/wp-json\/wp\/v2\/categories?post=1289"},{"taxonomy":"post_tag","embeddable":true,"href":"https:\/\/blogdoedvaldomagalhaes.com.br\/index.php\/wp-json\/wp\/v2\/tags?post=1289"}],"curies":[{"name":"wp","href":"https:\/\/api.w.org\/{rel}","templated":true}]}}