{"id":128899,"date":"2026-04-30T13:38:11","date_gmt":"2026-04-30T16:38:11","guid":{"rendered":"https:\/\/blogdoedvaldomagalhaes.com.br\/?p=128899"},"modified":"2026-04-30T13:43:46","modified_gmt":"2026-04-30T16:43:46","slug":"festival-do-jeans-de-toritama-2026-encerra-edicao-historica-com-recordes-de-publico-e-alcance-digital","status":"publish","type":"post","link":"https:\/\/blogdoedvaldomagalhaes.com.br\/index.php\/2026\/04\/30\/festival-do-jeans-de-toritama-2026-encerra-edicao-historica-com-recordes-de-publico-e-alcance-digital\/","title":{"rendered":"Festival do Jeans de Toritama 2026 encerra edi\u00e7\u00e3o hist\u00f3rica com recordes de p\u00fablico e alcance digital"},"content":{"rendered":"<p><span style=\"font-size: revert\">O Festival do Jeans de Toritama (FJT) 2026 chegou ao fim consolidando-se, mais uma vez, como o maior evento de moda jeans do Brasil e, agora, tamb\u00e9m, como uma pot\u00eancia no ambiente digital. Realizado ao longo de tr\u00eas dias, o evento reuniu mais de 10 mil visitantes in loco e contou com a participa\u00e7\u00e3o de mais de 60 empresas, refor\u00e7ando a for\u00e7a do polo de confec\u00e7\u00f5es do Agreste pernambucano.<\/span><\/p>\n<p>Al\u00e9m do p\u00fablico presente, o festival tamb\u00e9m bateu recordes de visibilidade nas redes sociais. De acordo com o relat\u00f3rio de desempenho digital, o FJT alcan\u00e7ou 618.025 visualiza\u00e7\u00f5es totais, um crescimento exponencial impulsionado especialmente durante os dias do evento (23 a 25 de abril). Esse resultado posiciona o festival como um dos eventos de moda mais relevantes do pa\u00eds tamb\u00e9m no ambiente online, ampliando o alcance das marcas participantes e fortalecendo sua presen\u00e7a nacional.<\/p>\n<p>O impacto digital foi acompanhado de forte engajamento: mais de 429 mil usu\u00e1rios foram alcan\u00e7ados, com aumento significativo nas intera\u00e7\u00f5es, cliques e visitas aos perfis oficiais, evidenciando n\u00e3o apenas visibilidade, mas tamb\u00e9m interesse ativo do p\u00fablico.<\/p>\n<p><img loading=\"lazy\" decoding=\"async\" src=\"https:\/\/blogdoedvaldomagalhaes.com.br\/wp-content\/uploads\/2026\/04\/48c48b50-bf54-4725-b3ce-c043507c9726.jpg\" class=\"size-full wp-image-128902\" width=\"1066\" height=\"1600\" srcset=\"https:\/\/blogdoedvaldomagalhaes.com.br\/wp-content\/uploads\/2026\/04\/48c48b50-bf54-4725-b3ce-c043507c9726.jpg 1066w, https:\/\/blogdoedvaldomagalhaes.com.br\/wp-content\/uploads\/2026\/04\/48c48b50-bf54-4725-b3ce-c043507c9726-200x300.jpg 200w, https:\/\/blogdoedvaldomagalhaes.com.br\/wp-content\/uploads\/2026\/04\/48c48b50-bf54-4725-b3ce-c043507c9726-682x1024.jpg 682w, https:\/\/blogdoedvaldomagalhaes.com.br\/wp-content\/uploads\/2026\/04\/48c48b50-bf54-4725-b3ce-c043507c9726-768x1153.jpg 768w, https:\/\/blogdoedvaldomagalhaes.com.br\/wp-content\/uploads\/2026\/04\/48c48b50-bf54-4725-b3ce-c043507c9726-1023x1536.jpg 1023w\" sizes=\"auto, (max-width: 1066px) 100vw, 1066px\" \/><\/p>\n<p>Na programa\u00e7\u00e3o cultural, com atra\u00e7\u00f5es como Wesley Safad\u00e3o, Xand Avi\u00e3o e Nattan, os shows reuniram um p\u00fablico expressivo, com mais de 30 mil pessoas por noite, transformando o evento em uma grande celebra\u00e7\u00e3o que vai al\u00e9m da moda, integrando entretenimento e economia criativa.<\/p>\n<p>Outro destaque da edi\u00e7\u00e3o 2026 foi o n\u00famero recorde de celebridades envolvidas. As atrizes Paloma Bernardi e Monique Alfradique comandaram a apresenta\u00e7\u00e3o do evento, enquanto nomes de peso brilharam na passarela, como a supermodelo Isabeli Fontana, Yasmin Brunet, Jesus Luz e a influenciadora Eslov\u00eania Marques. A presen\u00e7a desses nomes ampliou ainda mais a repercuss\u00e3o do festival, atraindo aten\u00e7\u00e3o da m\u00eddia e do p\u00fablico nas redes.<\/p>\n<p><img loading=\"lazy\" decoding=\"async\" src=\"https:\/\/blogdoedvaldomagalhaes.com.br\/wp-content\/uploads\/2026\/04\/79103067-961f-4f09-978f-f2a7c0f7ed88.jpg\" class=\"size-full wp-image-128903\" width=\"1066\" height=\"1600\" srcset=\"https:\/\/blogdoedvaldomagalhaes.com.br\/wp-content\/uploads\/2026\/04\/79103067-961f-4f09-978f-f2a7c0f7ed88.jpg 1066w, https:\/\/blogdoedvaldomagalhaes.com.br\/wp-content\/uploads\/2026\/04\/79103067-961f-4f09-978f-f2a7c0f7ed88-200x300.jpg 200w, https:\/\/blogdoedvaldomagalhaes.com.br\/wp-content\/uploads\/2026\/04\/79103067-961f-4f09-978f-f2a7c0f7ed88-682x1024.jpg 682w, https:\/\/blogdoedvaldomagalhaes.com.br\/wp-content\/uploads\/2026\/04\/79103067-961f-4f09-978f-f2a7c0f7ed88-768x1153.jpg 768w, https:\/\/blogdoedvaldomagalhaes.com.br\/wp-content\/uploads\/2026\/04\/79103067-961f-4f09-978f-f2a7c0f7ed88-1023x1536.jpg 1023w\" sizes=\"auto, (max-width: 1066px) 100vw, 1066px\" \/><\/p>\n<p>Os desfiles &#8211; principais protagonistas do conte\u00fado digital &#8211; estiveram entre os formatos de maior performance, com destaque para v\u00eddeos de passarela e momentos ic\u00f4nicos das marcas, que impulsionaram o engajamento e refor\u00e7aram a est\u00e9tica e identidade do evento. Com forte predomin\u00e2ncia de p\u00fablico feminino (79,3%) e faixa et\u00e1ria entre 25 e 44 anos, o festival atingiu um perfil estrat\u00e9gico, economicamente ativo e com alto potencial de consumo.<\/p>\n<p>Ao final da edi\u00e7\u00e3o 2026, o Festival do Jeans de Toritama reafirma seu papel como vitrine de tend\u00eancias, neg\u00f3cios e inova\u00e7\u00e3o, unindo moda, entretenimento e estrat\u00e9gia digital em um formato cada vez mais robusto e conectado com o p\u00fablico contempor\u00e2neo.<\/p>\n<p>O Festival do Jeans de Toritama \u00e9 realizado pela Associa\u00e7\u00e3o Comercial e Industrial de Toritama (Acit), com dire\u00e7\u00e3o de Thiago Alexandre (TA Produ\u00e7\u00f5es), e conta com o patroc\u00ednio da Prefeitura de Toritama, Governo de Pernambuco, Santana Textiles, Parque das Feiras, Adepe, Jolitex Denim, NTCPE, Caixa Econ\u00f4mica Federal, Banco do Nordeste e Governo Federal.<br \/>\nSiga o Instagram @portaledvaldomagalhaes<br \/>\nFotos: Alysson Souza<\/p>\n","protected":false},"excerpt":{"rendered":"<p>O Festival do Jeans de Toritama (FJT) 2026 chegou ao fim consolidando-se, mais uma vez, como o maior evento de&hellip;<\/p>\n","protected":false},"author":1,"featured_media":128900,"comment_status":"closed","ping_status":"open","sticky":false,"template":"","format":"standard","meta":{"footnotes":""},"categories":[14120],"tags":[13146,34634],"class_list":["post-128899","post","type-post","status-publish","format-standard","has-post-thumbnail","hentry","category-noticias","tag-blog-edvaldo-magalhaes","tag-portal-edvaldo-magalhaes"],"_links":{"self":[{"href":"https:\/\/blogdoedvaldomagalhaes.com.br\/index.php\/wp-json\/wp\/v2\/posts\/128899","targetHints":{"allow":["GET"]}}],"collection":[{"href":"https:\/\/blogdoedvaldomagalhaes.com.br\/index.php\/wp-json\/wp\/v2\/posts"}],"about":[{"href":"https:\/\/blogdoedvaldomagalhaes.com.br\/index.php\/wp-json\/wp\/v2\/types\/post"}],"author":[{"embeddable":true,"href":"https:\/\/blogdoedvaldomagalhaes.com.br\/index.php\/wp-json\/wp\/v2\/users\/1"}],"replies":[{"embeddable":true,"href":"https:\/\/blogdoedvaldomagalhaes.com.br\/index.php\/wp-json\/wp\/v2\/comments?post=128899"}],"version-history":[{"count":2,"href":"https:\/\/blogdoedvaldomagalhaes.com.br\/index.php\/wp-json\/wp\/v2\/posts\/128899\/revisions"}],"predecessor-version":[{"id":128904,"href":"https:\/\/blogdoedvaldomagalhaes.com.br\/index.php\/wp-json\/wp\/v2\/posts\/128899\/revisions\/128904"}],"wp:featuredmedia":[{"embeddable":true,"href":"https:\/\/blogdoedvaldomagalhaes.com.br\/index.php\/wp-json\/wp\/v2\/media\/128900"}],"wp:attachment":[{"href":"https:\/\/blogdoedvaldomagalhaes.com.br\/index.php\/wp-json\/wp\/v2\/media?parent=128899"}],"wp:term":[{"taxonomy":"category","embeddable":true,"href":"https:\/\/blogdoedvaldomagalhaes.com.br\/index.php\/wp-json\/wp\/v2\/categories?post=128899"},{"taxonomy":"post_tag","embeddable":true,"href":"https:\/\/blogdoedvaldomagalhaes.com.br\/index.php\/wp-json\/wp\/v2\/tags?post=128899"}],"curies":[{"name":"wp","href":"https:\/\/api.w.org\/{rel}","templated":true}]}}