{"id":128897,"date":"2026-04-30T12:44:49","date_gmt":"2026-04-30T15:44:49","guid":{"rendered":"https:\/\/blogdoedvaldomagalhaes.com.br\/?p=128897"},"modified":"2026-04-30T12:44:49","modified_gmt":"2026-04-30T15:44:49","slug":"compesa-suspende-o-abastecimento-de-agua-em-parte-de-caruaru-por-48-horas","status":"publish","type":"post","link":"https:\/\/blogdoedvaldomagalhaes.com.br\/index.php\/2026\/04\/30\/compesa-suspende-o-abastecimento-de-agua-em-parte-de-caruaru-por-48-horas\/","title":{"rendered":"Compesa suspende o abastecimento de \u00e1gua em parte de Caruaru por 48 horas"},"content":{"rendered":"<p><span style=\"font-size: revert;\">Em continuidade \u00e0s obras da Adutora do Agreste, a Compesa realizar\u00e1 um servi\u00e7o de interliga\u00e7\u00e3o de redes para viabilizar a passagem da adutora na rua Marluce Tabosa, no bairro Indian\u00f3polis, em Caruaru. Para a execu\u00e7\u00e3o dos trabalhos, ser\u00e1 preciso suspender temporariamente o abastecimento de \u00e1gua em parte do munic\u00edpio por 48 horas, a partir da 0h da pr\u00f3xima segunda-feira (04). A cidade de Riacho das Almas e o distrito de Ameixas, em Cumaru, tamb\u00e9m ter\u00e3o o abastecimento suspenso nesse per\u00edodo.<\/span><\/p>\n<p>A parada \u00e9 estrat\u00e9gica para o remanejamento de tubula\u00e7\u00f5es, a\u00e7\u00e3o que permitir\u00e1 o prosseguimento das obras do trecho da Adutora do Agreste at\u00e9 a Esta\u00e7\u00e3o de Tratamento de \u00c1gua (ETA) do Salgado, ampliando a oferta da \u00e1gua do Rio S\u00e3o Francisco para os munic\u00edpios de Cumaru, Passira, Toritama, Vertentes, Vertente do L\u00e9rio, Santa Maria do Cambuc\u00e1 e Frei Miguelinho. A interven\u00e7\u00e3o contribui especialmente para a seguran\u00e7a h\u00eddrica das cidades afetadas pelo baixo n\u00edvel da Barragem de Jucazinho, al\u00e9m de estabilizar a opera\u00e7\u00e3o em Caruaru e Riacho das Almas.<\/p>\n<p>Ap\u00f3s a conclus\u00e3o dos servi\u00e7os, o abastecimento ser\u00e1 retomado de forma gradual, conforme a pressuriza\u00e7\u00e3o da rede.<\/p>\n<p>SUSPENS\u00c3O TOTAL:<br \/>* Ameixas (distrito de Cumaru)<br \/>* Riacho das Almas<\/p>\n<p>SUSPENS\u00c3O PARCIAL:<br \/>* Caruaru (40% da cidade)<br \/>Localidades: Salgado, S\u00e3o Jo\u00e3o da Esc\u00f3cia, Cidade Jardim, Rendeiras, S\u00e3o Jos\u00e9, Loteamento Luiz Mariano, Sertan\u00f3polis, Jacar\u00e9, Gon\u00e7alves Ferreira, Avenida Brasil, Mirante do Vale, Fernando Lyra, Amilson Afonso, Lagoa do Algod\u00e3o, Universit\u00e1rio, Neusa Garcia, Luiz Gonzaga, Juriti, Contendas, Rafael, Cachoeira Seca, Carapot\u00f3s, Riacho Doce, Lajes, Ju\u00e1, Malhada de Barreira Queimadas, al\u00e9m dos condom\u00ednios Morada Nobre, Quintas 1, 2, Terras Alpha, P\u00f4r-do-Sol, Acau\u00e3, Jardim dos Coqueiros, Jardins dos Ip\u00eas, Jardins dos Alecrins, Quintas das Alamedas, Quintas das Bara\u00fanas e Reserva Portugal.\u00a0<br \/>Siga o Instagram @portaledvaldomagalhaes. \u00a0\u00a0<br \/>Foto: Arquivo<\/p>\n\n\n<p><\/p>\n","protected":false},"excerpt":{"rendered":"<p>Em continuidade \u00e0s obras da Adutora do Agreste, a Compesa realizar\u00e1 um servi\u00e7o de interliga\u00e7\u00e3o de redes para viabilizar a&hellip;<\/p>\n","protected":false},"author":1,"featured_media":24798,"comment_status":"closed","ping_status":"open","sticky":false,"template":"","format":"standard","meta":{"footnotes":""},"categories":[14120],"tags":[13146,4521,34634],"class_list":["post-128897","post","type-post","status-publish","format-standard","has-post-thumbnail","hentry","category-noticias","tag-blog-edvaldo-magalhaes","tag-compesa","tag-portal-edvaldo-magalhaes"],"_links":{"self":[{"href":"https:\/\/blogdoedvaldomagalhaes.com.br\/index.php\/wp-json\/wp\/v2\/posts\/128897","targetHints":{"allow":["GET"]}}],"collection":[{"href":"https:\/\/blogdoedvaldomagalhaes.com.br\/index.php\/wp-json\/wp\/v2\/posts"}],"about":[{"href":"https:\/\/blogdoedvaldomagalhaes.com.br\/index.php\/wp-json\/wp\/v2\/types\/post"}],"author":[{"embeddable":true,"href":"https:\/\/blogdoedvaldomagalhaes.com.br\/index.php\/wp-json\/wp\/v2\/users\/1"}],"replies":[{"embeddable":true,"href":"https:\/\/blogdoedvaldomagalhaes.com.br\/index.php\/wp-json\/wp\/v2\/comments?post=128897"}],"version-history":[{"count":1,"href":"https:\/\/blogdoedvaldomagalhaes.com.br\/index.php\/wp-json\/wp\/v2\/posts\/128897\/revisions"}],"predecessor-version":[{"id":128898,"href":"https:\/\/blogdoedvaldomagalhaes.com.br\/index.php\/wp-json\/wp\/v2\/posts\/128897\/revisions\/128898"}],"wp:featuredmedia":[{"embeddable":true,"href":"https:\/\/blogdoedvaldomagalhaes.com.br\/index.php\/wp-json\/wp\/v2\/media\/24798"}],"wp:attachment":[{"href":"https:\/\/blogdoedvaldomagalhaes.com.br\/index.php\/wp-json\/wp\/v2\/media?parent=128897"}],"wp:term":[{"taxonomy":"category","embeddable":true,"href":"https:\/\/blogdoedvaldomagalhaes.com.br\/index.php\/wp-json\/wp\/v2\/categories?post=128897"},{"taxonomy":"post_tag","embeddable":true,"href":"https:\/\/blogdoedvaldomagalhaes.com.br\/index.php\/wp-json\/wp\/v2\/tags?post=128897"}],"curies":[{"name":"wp","href":"https:\/\/api.w.org\/{rel}","templated":true}]}}