{"id":128888,"date":"2026-04-30T08:35:01","date_gmt":"2026-04-30T11:35:01","guid":{"rendered":"https:\/\/blogdoedvaldomagalhaes.com.br\/?p=128888"},"modified":"2026-04-30T08:35:01","modified_gmt":"2026-04-30T11:35:01","slug":"homem-morre-durante-confronto-com-a-policia-em-taquaritinga-do-norte","status":"publish","type":"post","link":"https:\/\/blogdoedvaldomagalhaes.com.br\/index.php\/2026\/04\/30\/homem-morre-durante-confronto-com-a-policia-em-taquaritinga-do-norte\/","title":{"rendered":"Homem morre durante confronto com a pol\u00edcia em Taquaritinga do Norte"},"content":{"rendered":"<p>Registrados 7 homic\u00eddios nessa quarta-feira (29) em Pernambuco, sendo quatro no interior e tr\u00eas no Grande Recife. Entre as v\u00edtimas, uma mulher, morta por outra mulher a facadas e pedradas em Petrolina, no Sert\u00e3o. S\u00e3o 210 assassinatos neste m\u00eas de abril. Este ano, de janeiro at\u00e9 agora, mataram no Estado 939 pessoas.<br \/>Em Taquaritinga do Norte, um homem com mandado de pris\u00e3o em aberto morreu durante confronto com a pol\u00edcia no distrito de P\u00e3o de A\u00e7\u00facar. Ele chegou a ser socorrido para a UPA de Santa Cruz do Capibaribe, onde faleceu.<br \/>Em Caruaru, um jovem foi esfaqueado nas costas na comunidade Salgadinho, entre os bairros Petr\u00f3polis e Vassoural. Jos\u00e9 Ismaikon da Silva, de 21 anos, foi levado para a UPA Estadual. O agressor, Orlando Soares da Silva, de 41 anos, foi preso em flagrante e levado para a Delegacia de Plant\u00e3o.<\/p>\n<p>Em Altinho, uma mulher sofreu tentativa de homic\u00eddio. Maria Santa de Almeida, de 60 anos, foi baleada no terreiro da casa, no S\u00edtio Morcego, \u00e1rea rural do munic\u00edpio. A v\u00edtima foi socorrida para o hospital local e transferida para o Hospital Regional do Agreste, em Caruaru. \u00a0<br \/>Por Helenivaldo Pereira. \u00a0\u00a0<br \/>Foto: Reprodu\u00e7\u00e3o\/Agreste Not\u00edcias<br \/>Siga o Instagram @portaledvaldomagalhaes<\/p>\n\n\n<p><\/p>\n","protected":false},"excerpt":{"rendered":"<p>Registrados 7 homic\u00eddios nessa quarta-feira (29) em Pernambuco, sendo quatro no interior e tr\u00eas no Grande Recife. Entre as v\u00edtimas,&hellip;<\/p>\n","protected":false},"author":1,"featured_media":128889,"comment_status":"closed","ping_status":"open","sticky":false,"template":"","format":"standard","meta":{"footnotes":""},"categories":[14121],"tags":[13146,34634],"class_list":["post-128888","post","type-post","status-publish","format-standard","has-post-thumbnail","hentry","category-policial","tag-blog-edvaldo-magalhaes","tag-portal-edvaldo-magalhaes"],"_links":{"self":[{"href":"https:\/\/blogdoedvaldomagalhaes.com.br\/index.php\/wp-json\/wp\/v2\/posts\/128888","targetHints":{"allow":["GET"]}}],"collection":[{"href":"https:\/\/blogdoedvaldomagalhaes.com.br\/index.php\/wp-json\/wp\/v2\/posts"}],"about":[{"href":"https:\/\/blogdoedvaldomagalhaes.com.br\/index.php\/wp-json\/wp\/v2\/types\/post"}],"author":[{"embeddable":true,"href":"https:\/\/blogdoedvaldomagalhaes.com.br\/index.php\/wp-json\/wp\/v2\/users\/1"}],"replies":[{"embeddable":true,"href":"https:\/\/blogdoedvaldomagalhaes.com.br\/index.php\/wp-json\/wp\/v2\/comments?post=128888"}],"version-history":[{"count":1,"href":"https:\/\/blogdoedvaldomagalhaes.com.br\/index.php\/wp-json\/wp\/v2\/posts\/128888\/revisions"}],"predecessor-version":[{"id":128890,"href":"https:\/\/blogdoedvaldomagalhaes.com.br\/index.php\/wp-json\/wp\/v2\/posts\/128888\/revisions\/128890"}],"wp:featuredmedia":[{"embeddable":true,"href":"https:\/\/blogdoedvaldomagalhaes.com.br\/index.php\/wp-json\/wp\/v2\/media\/128889"}],"wp:attachment":[{"href":"https:\/\/blogdoedvaldomagalhaes.com.br\/index.php\/wp-json\/wp\/v2\/media?parent=128888"}],"wp:term":[{"taxonomy":"category","embeddable":true,"href":"https:\/\/blogdoedvaldomagalhaes.com.br\/index.php\/wp-json\/wp\/v2\/categories?post=128888"},{"taxonomy":"post_tag","embeddable":true,"href":"https:\/\/blogdoedvaldomagalhaes.com.br\/index.php\/wp-json\/wp\/v2\/tags?post=128888"}],"curies":[{"name":"wp","href":"https:\/\/api.w.org\/{rel}","templated":true}]}}