{"id":128885,"date":"2026-04-29T22:59:07","date_gmt":"2026-04-30T01:59:07","guid":{"rendered":"https:\/\/blogdoedvaldomagalhaes.com.br\/?p=128885"},"modified":"2026-04-29T22:59:07","modified_gmt":"2026-04-30T01:59:07","slug":"governadora-raquel-lyra-assina-concessao-parcial-da-compesa","status":"publish","type":"post","link":"https:\/\/blogdoedvaldomagalhaes.com.br\/index.php\/2026\/04\/29\/governadora-raquel-lyra-assina-concessao-parcial-da-compesa\/","title":{"rendered":"Governadora Raquel Lyra assina concess\u00e3o parcial da Compesa"},"content":{"rendered":"<p>Governadora Raquel Lyra assina concess\u00e3o parcial da Compesa para impulsionar o maior investimento em saneamento da hist\u00f3ria de Pernambuco<\/p>\n<p>_Liderada pelo Governo do Estado, parceria prev\u00ea R$ 17,4 bilh\u00f5es em investimentos e atendimento a cerca de 7 milh\u00f5es de pernambucanos em 151 munic\u00edpios_<\/p>\n<p>Em mais um passo hist\u00f3rico para a popula\u00e7\u00e3o pernambucana, a governadora Raquel Lyra assinou, nesta quarta-feira (29), no Pal\u00e1cio do Campo das Princesas, o contrato de concess\u00e3o parcial dos servi\u00e7os da Companhia Pernambucana de Saneamento (Compesa), consolidando um dos principais avan\u00e7os estruturantes da pol\u00edtica de saneamento no Estado. A iniciativa, resultado de articula\u00e7\u00e3o do Governo de Pernambuco, garante a atua\u00e7\u00e3o do cons\u00f3rcio entre as empresas Acciona e BRK em 151 munic\u00edpios da Regi\u00e3o Metropolitana do Recife, Zona da Mata, Agreste e parte do Sert\u00e3o, com foco na amplia\u00e7\u00e3o do abastecimento de \u00e1gua e da coleta e tratamento de esgoto. A vice-governadora Priscila Krause acompanhou a assinatura.<\/p>\n<p>\u201cHoje \u00e9 um dia hist\u00f3rico e de prosperidade para o povo pernambucano. Essa assinatura \u00e9 uma das obras mais importantes da nossa hist\u00f3ria. Agrade\u00e7o a iniciativa privada que entendeu que o nosso Estado \u00e9 um bom lugar para se investir, atrav\u00e9s de um contrato que constru\u00edmos de forma s\u00f3lida e correta. A proposta do nosso Governo sempre foi trabalhar para universaliza\u00e7\u00e3o dos servi\u00e7os de \u00e1gua e esgoto no nosso Estado. Com a assinatura, asseguramos isso. Estamos olhando para todos os pernambucanos, seja na Regi\u00e3o Metropolitana ou no interior, garantindo um direito b\u00e1sico para nossa popula\u00e7\u00e3o\u201d, enfatizou a governadora Raquel Lyra.<\/p>\n<p>Com a concess\u00e3o, o cons\u00f3rcio ficar\u00e1 respons\u00e1vel pelos servi\u00e7os de distribui\u00e7\u00e3o de \u00e1gua e esgotamento sanit\u00e1rio, enquanto a Compesa segue atuando na produ\u00e7\u00e3o e armazenamento de \u00e1gua. O contrato prev\u00ea investimentos de R$ 17,4 bilh\u00f5es ao longo dos pr\u00f3ximos anos, al\u00e9m do pagamento de uma outorga de R$ 4 bilh\u00f5es, sendo R$ 2,4 bilh\u00f5es j\u00e1 repassados no ato da assinatura. Desse valor, R$ 1,3 bilh\u00e3o ser\u00e1 destinado aos munic\u00edpios beneficiados, sendo R$ 770 milh\u00f5es tamb\u00e9m no ato da assinatura. Os 40% restantes da outorga ser\u00e3o divididos em dois pagamentos: 20% ap\u00f3s o per\u00edodo de seis meses de transi\u00e7\u00e3o e 20% dois anos ap\u00f3s o in\u00edcio da opera\u00e7\u00e3o.<\/p>\n<p>De acordo com o secret\u00e1rio de Recursos H\u00eddricos e Saneamento, Almir Cirilo, o modelo adotado busca acelerar o cumprimento das metas estabelecidas pelo Marco Legal do Saneamento, que prev\u00ea a universaliza\u00e7\u00e3o do acesso \u00e0 \u00e1gua pot\u00e1vel e ao esgotamento sanit\u00e1rio at\u00e9 2033. \u201cHoje se faz um novo tempo. O futuro j\u00e1 come\u00e7ou. Ao longo de anos, atrav\u00e9s de muito trabalho, conseguimos captar recursos importantes que levaram, por exemplo, as \u00e1guas do Rio S\u00e3o Francisco para o Agreste. Nossa miss\u00e3o agora \u00e9 acompanhar as a\u00e7\u00f5es das empresas privadas, priorizando as demandas do Estado, para que possamos alcan\u00e7ar o Marco do Saneamento. A partir de hoje, estamos deixando para tr\u00e1s uma p\u00e1gina dif\u00edcil da hist\u00f3ria de Pernambuco\u201d, destacou o titular da pasta.<\/p>\n<p>A secret\u00e1ria de Projetos Estrat\u00e9gicos, Simone Nunes, destacou o impacto desse contrato para a qualidade de vida da popula\u00e7\u00e3o. \u201cA assinatura deste contrato representa um marco hist\u00f3rico para o Estado. O avan\u00e7o concreto na universaliza\u00e7\u00e3o do acesso \u00e0 \u00e1gua e ao esgotamento sanit\u00e1rio impacta diretamente na qualidade de vida de milh\u00f5es de pernambucanos. Ao garantir investimentos estruturantes em 151 munic\u00edpios, a governadora Raquel Lyra reafirma seu compromisso com a redu\u00e7\u00e3o das desigualdades regionais. Este \u00e9 um passo decisivo para levar dignidade e oportunidades a quem mais precisa\u201d, ressaltou.<\/p>\n<p>A medida tamb\u00e9m fortalece a capacidade de investimento do Estado e amplia a escala das interven\u00e7\u00f5es em regi\u00f5es historicamente afetadas pela escassez h\u00eddrica e pela aus\u00eancia de infraestrutura adequada. No in\u00edcio deste m\u00eas, foi assinado em Petrolina, no Sert\u00e3o do S\u00e3o Francisco, o contrato com a Vita Sert\u00e3o, concession\u00e1ria que ficar\u00e1 respons\u00e1vel pelos servi\u00e7os em 24 munic\u00edpios que formam a microrregi\u00e3o do Sert\u00e3o. O cons\u00f3rcio entre Acciona e BRK ficar\u00e1 respons\u00e1vel pelos servi\u00e7os na microrregi\u00e3o RMR-Paje\u00fa, formada pelos demais munic\u00edpios pernambucanos.<\/p>\n<p>Presente no evento, o diretor-Presidente da Acciona, Jos\u00e9 Manuel Entrecanales, destacou o momento hist\u00f3rico. \u201cAssim como Pernambuco \u00e9 um Estado revolucion\u00e1rio, estamos revolucionando o setor com essa parceria\u201d, pontuou. J\u00e1 o diretor-presidente da BRK, Alexandre Thiollier, enfatizou a for\u00e7a da parceria. \u201cHoje estamos aumentando nossa parceria com o Governo de Pernambuco. Vamos trabalhar arduamente para a evolu\u00e7\u00e3o dos servi\u00e7os ofertados\u201d, disse.<\/p>\n<p>Al\u00e9m do impacto direto nos servi\u00e7os, o contrato tamb\u00e9m prev\u00ea repasses financeiros aos munic\u00edpios, fortalecendo a capacidade de investimento local e ampliando a parceria entre Estado e prefeituras na execu\u00e7\u00e3o das pol\u00edticas p\u00fablicas. Representando os prefeitos beneficiados, o prefeito de Jaboat\u00e3o dos Guararapes, Mano Medeiros agradeceu ao Governo de Pernambuco. \u201cAgrade\u00e7o ao Governo do Estado por essa assinatura, que \u00e9 um gesto de coragem. Essa a\u00e7\u00e3o beneficia diretamente todos os munic\u00edpios pernambucanos, sendo um grande marco da atual gest\u00e3o\u201d, afirmou o gestor.<\/p>\n<p>A concess\u00e3o integra uma estrat\u00e9gia ampla do Governo de Pernambuco para garantir seguran\u00e7a h\u00eddrica e reduzir desigualdades regionais, combinando grandes obras estruturantes com a\u00e7\u00f5es complementares em todo o territ\u00f3rio. A expectativa \u00e9 de que milh\u00f5es de pernambucanos sejam beneficiados com a amplia\u00e7\u00e3o dos servi\u00e7os e a melhoria na qualidade de vida.<\/p>\n<p>Tamb\u00e9m presente na solenidade, o deputado estadual Renato Antunes destacou que o Governo do Estado est\u00e1 trazendo dignidade ao povo pernambucano. \u201cO Governo de Pernambuco est\u00e1 garantindo a\u00e7\u00f5es que eram necess\u00e1rias e n\u00e3o ficando apenas no discurso. Esse Governo est\u00e1 dando novamente esperan\u00e7a para todos os pernambucanos\u201d, frisou. J\u00e1 o deputado estadual Ant\u00f4nio Moraes destacou o compromisso da gest\u00e3o estadual. \u201cParabenizo o Governo de Pernambuco pelo grande compromisso com a quest\u00e3o h\u00eddrica. Temos uma gest\u00e3o com coragem e determina\u00e7\u00e3o para enfrentar um problema t\u00e3o s\u00e9rio em nosso Estado\u201d, destacou o parlamentar.<\/p>\n<p>Acompanharam a assinatura os secret\u00e1rios de Estado T\u00falio Vila\u00e7a (Casa Civil) e Rodrigo Ribeiro (Mobilidade e Infraestrutura); os deputados estaduais Socorro Pimentel, Jo\u00e3o de Nadegi, Edson Vieira e Jarbas Filho. Os prefeitos, Orlando Jorge (Limoeiro), Maria Izalta (Ibirajuba), Catharina Garziera (Lagoa Grande), Elias Meu Fii (Pombos), Sim\u00e3o Durando (Petrolina), Helbinha Rodrigues (Trindade), Joel Gonzaga (Feira Nova), Dra. C\u00e1tia (Jata\u00faba) e Prof. Ronaldo (Tupanatinga); al\u00e9m do vice-prefeito de Olinda, Chiquinho, e outras lideran\u00e7as municipais. Tamb\u00e9m estiveram presentes os presidentes de \u00f3rg\u00e3os, Carlos Porto Filho (Arpe), Suzana Montenegro (Apac) e Douglas N\u00f3brega (Compesa).<\/p>\n<p>Fotos: Miva Filho\/Secom<\/p>\n","protected":false},"excerpt":{"rendered":"<p>Governadora Raquel Lyra assina concess\u00e3o parcial da Compesa para impulsionar o maior investimento em saneamento da hist\u00f3ria de Pernambuco _Liderada&hellip;<\/p>\n","protected":false},"author":1,"featured_media":128886,"comment_status":"closed","ping_status":"open","sticky":false,"template":"","format":"standard","meta":{"footnotes":""},"categories":[14121],"tags":[13146,28127,20,34634],"class_list":["post-128885","post","type-post","status-publish","format-standard","has-post-thumbnail","hentry","category-policial","tag-blog-edvaldo-magalhaes","tag-governadora-raquel-lyra","tag-politica","tag-portal-edvaldo-magalhaes"],"_links":{"self":[{"href":"https:\/\/blogdoedvaldomagalhaes.com.br\/index.php\/wp-json\/wp\/v2\/posts\/128885","targetHints":{"allow":["GET"]}}],"collection":[{"href":"https:\/\/blogdoedvaldomagalhaes.com.br\/index.php\/wp-json\/wp\/v2\/posts"}],"about":[{"href":"https:\/\/blogdoedvaldomagalhaes.com.br\/index.php\/wp-json\/wp\/v2\/types\/post"}],"author":[{"embeddable":true,"href":"https:\/\/blogdoedvaldomagalhaes.com.br\/index.php\/wp-json\/wp\/v2\/users\/1"}],"replies":[{"embeddable":true,"href":"https:\/\/blogdoedvaldomagalhaes.com.br\/index.php\/wp-json\/wp\/v2\/comments?post=128885"}],"version-history":[{"count":1,"href":"https:\/\/blogdoedvaldomagalhaes.com.br\/index.php\/wp-json\/wp\/v2\/posts\/128885\/revisions"}],"predecessor-version":[{"id":128887,"href":"https:\/\/blogdoedvaldomagalhaes.com.br\/index.php\/wp-json\/wp\/v2\/posts\/128885\/revisions\/128887"}],"wp:featuredmedia":[{"embeddable":true,"href":"https:\/\/blogdoedvaldomagalhaes.com.br\/index.php\/wp-json\/wp\/v2\/media\/128886"}],"wp:attachment":[{"href":"https:\/\/blogdoedvaldomagalhaes.com.br\/index.php\/wp-json\/wp\/v2\/media?parent=128885"}],"wp:term":[{"taxonomy":"category","embeddable":true,"href":"https:\/\/blogdoedvaldomagalhaes.com.br\/index.php\/wp-json\/wp\/v2\/categories?post=128885"},{"taxonomy":"post_tag","embeddable":true,"href":"https:\/\/blogdoedvaldomagalhaes.com.br\/index.php\/wp-json\/wp\/v2\/tags?post=128885"}],"curies":[{"name":"wp","href":"https:\/\/api.w.org\/{rel}","templated":true}]}}