{"id":128882,"date":"2026-04-29T22:07:31","date_gmt":"2026-04-30T01:07:31","guid":{"rendered":"https:\/\/blogdoedvaldomagalhaes.com.br\/?p=128882"},"modified":"2026-04-29T22:27:01","modified_gmt":"2026-04-30T01:27:01","slug":"vias-no-entorno-da-feira-do-bairro-boa-vista-passam-a-ter-sentido-unico-de-circulacao-de-veiculos","status":"publish","type":"post","link":"https:\/\/blogdoedvaldomagalhaes.com.br\/index.php\/2026\/04\/29\/vias-no-entorno-da-feira-do-bairro-boa-vista-passam-a-ter-sentido-unico-de-circulacao-de-veiculos\/","title":{"rendered":"Vias no entorno da Feira do bairro Boa Vista passam a ter sentido \u00fanico de circula\u00e7\u00e3o de ve\u00edculos"},"content":{"rendered":"<p><span style=\"font-size: revert;\">Autarquia de Mobilidade de Caruaru (AMC) informa que, a partir da quinta-feira (30), duas vias no entorno da Feira da Boa Vista ter\u00e3o sentido \u00fanico de circula\u00e7\u00e3o de ve\u00edculos.<\/span><\/p>\n<p>A Rua S\u00e3o Jos\u00e9 do Egito vai ficar no sentido \u00fanico de circula\u00e7\u00e3o em dire\u00e7\u00e3o \u00e0 Rua Vertentes, e a Rua Vertentes passar\u00e1 a operar em sentido \u00fanico em dire\u00e7\u00e3o \u00e0 Avenida Bel\u00e9m de S\u00e3o Francisco.<\/p>\n<p>As altera\u00e7\u00f5es seguem crit\u00e9rios t\u00e9cnicos de engenharia de tr\u00e1fego e integram um conjunto de a\u00e7\u00f5es voltadas \u00e0 otimiza\u00e7\u00e3o do tr\u00e2nsito e \u00e0 promo\u00e7\u00e3o de uma mobilidade urbana mais eficiente e segura para todos os usu\u00e1rios das vias.<\/p>\n<p>Mapa: Divulga\u00e7\u00e3o\/ AMC<\/p>\n","protected":false},"excerpt":{"rendered":"<p>Autarquia de Mobilidade de Caruaru (AMC) informa que, a partir da quinta-feira (30), duas vias no entorno da Feira da&hellip;<\/p>\n","protected":false},"author":1,"featured_media":128884,"comment_status":"closed","ping_status":"open","sticky":false,"template":"","format":"standard","meta":{"footnotes":""},"categories":[14120],"tags":[13146,34473,34634],"class_list":["post-128882","post","type-post","status-publish","format-standard","has-post-thumbnail","hentry","category-noticias","tag-blog-edvaldo-magalhaes","tag-feira-do-bairro-boa-vista","tag-portal-edvaldo-magalhaes"],"_links":{"self":[{"href":"https:\/\/blogdoedvaldomagalhaes.com.br\/index.php\/wp-json\/wp\/v2\/posts\/128882","targetHints":{"allow":["GET"]}}],"collection":[{"href":"https:\/\/blogdoedvaldomagalhaes.com.br\/index.php\/wp-json\/wp\/v2\/posts"}],"about":[{"href":"https:\/\/blogdoedvaldomagalhaes.com.br\/index.php\/wp-json\/wp\/v2\/types\/post"}],"author":[{"embeddable":true,"href":"https:\/\/blogdoedvaldomagalhaes.com.br\/index.php\/wp-json\/wp\/v2\/users\/1"}],"replies":[{"embeddable":true,"href":"https:\/\/blogdoedvaldomagalhaes.com.br\/index.php\/wp-json\/wp\/v2\/comments?post=128882"}],"version-history":[{"count":1,"href":"https:\/\/blogdoedvaldomagalhaes.com.br\/index.php\/wp-json\/wp\/v2\/posts\/128882\/revisions"}],"predecessor-version":[{"id":128883,"href":"https:\/\/blogdoedvaldomagalhaes.com.br\/index.php\/wp-json\/wp\/v2\/posts\/128882\/revisions\/128883"}],"wp:featuredmedia":[{"embeddable":true,"href":"https:\/\/blogdoedvaldomagalhaes.com.br\/index.php\/wp-json\/wp\/v2\/media\/128884"}],"wp:attachment":[{"href":"https:\/\/blogdoedvaldomagalhaes.com.br\/index.php\/wp-json\/wp\/v2\/media?parent=128882"}],"wp:term":[{"taxonomy":"category","embeddable":true,"href":"https:\/\/blogdoedvaldomagalhaes.com.br\/index.php\/wp-json\/wp\/v2\/categories?post=128882"},{"taxonomy":"post_tag","embeddable":true,"href":"https:\/\/blogdoedvaldomagalhaes.com.br\/index.php\/wp-json\/wp\/v2\/tags?post=128882"}],"curies":[{"name":"wp","href":"https:\/\/api.w.org\/{rel}","templated":true}]}}