{"id":128879,"date":"2026-04-29T21:56:29","date_gmt":"2026-04-30T00:56:29","guid":{"rendered":"https:\/\/blogdoedvaldomagalhaes.com.br\/?p=128879"},"modified":"2026-04-29T21:56:29","modified_gmt":"2026-04-30T00:56:29","slug":"caravana-de-conscientizacao-sobre-o-autismo-acontece-nesta-quinta-30-no-ame-infantojuvenil-em-caruaru","status":"publish","type":"post","link":"https:\/\/blogdoedvaldomagalhaes.com.br\/index.php\/2026\/04\/29\/caravana-de-conscientizacao-sobre-o-autismo-acontece-nesta-quinta-30-no-ame-infantojuvenil-em-caruaru\/","title":{"rendered":"Caravana de Conscientiza\u00e7\u00e3o sobre o Autismo acontece nesta quinta (30) no AME Infantojuvenil, em Caruaru"},"content":{"rendered":"<p><span style=\"font-size: revert;\">A Prefeitura de Caruaru, por meio da Secretaria de Sa\u00fade realizar\u00e1, nesta quinta-feira (30), a primeira edi\u00e7\u00e3o da Caravana de Conscientiza\u00e7\u00e3o sobre o Autismo, dentro da programa\u00e7\u00e3o do Abril Azul. A a\u00e7\u00e3o acontece das 8h \u00e0s 13h, no AME Infantojuvenil, na Rua General Dion\u00edsio Siqueira P\u00f4rto, n\u00ba 709, no bairro Maur\u00edcio de Nassau.<\/span><\/p>\n<p>A iniciativa tem como objetivo informar, sensibilizar e apoiar a popula\u00e7\u00e3o, oferecendo servi\u00e7os gratuitos como atualiza\u00e7\u00e3o da caderneta de vacina\u00e7\u00e3o, a\u00e7\u00f5es de educa\u00e7\u00e3o em sa\u00fade e atividades educativas com arteducadores da equipe eMulti.<\/p>\n<p>Tamb\u00e9m ser\u00e3o ofertadas orienta\u00e7\u00f5es parentais pelo AME Infantojuvenil e N\u00facleo TEA, al\u00e9m de atendimentos da Assist\u00eancia Social sobre emiss\u00e3o de carteira da pessoa com defici\u00eancia, atualiza\u00e7\u00e3o do NIS e acesso ao BPC. O SAMU participar\u00e1 com orienta\u00e7\u00f5es de primeiros socorros e o projeto Samuzinho, enquanto a Regula\u00e7\u00e3o dar\u00e1 suporte sobre o aplicativo Sa\u00fade em Dia Caruaru.<\/p>\n<p>A participa\u00e7\u00e3o \u00e9 gratuita e aberta ao p\u00fablico em geral.<br \/>\nSiga o Instagram @portaledvaldomagalhaes<br \/>\nCard: Divulga\u00e7\u00e3o<\/p>\n","protected":false},"excerpt":{"rendered":"<p>A Prefeitura de Caruaru, por meio da Secretaria de Sa\u00fade realizar\u00e1, nesta quinta-feira (30), a primeira edi\u00e7\u00e3o da Caravana de&hellip;<\/p>\n","protected":false},"author":1,"featured_media":128880,"comment_status":"closed","ping_status":"open","sticky":false,"template":"","format":"standard","meta":{"footnotes":""},"categories":[14120],"tags":[13146,34634],"class_list":["post-128879","post","type-post","status-publish","format-standard","has-post-thumbnail","hentry","category-noticias","tag-blog-edvaldo-magalhaes","tag-portal-edvaldo-magalhaes"],"_links":{"self":[{"href":"https:\/\/blogdoedvaldomagalhaes.com.br\/index.php\/wp-json\/wp\/v2\/posts\/128879","targetHints":{"allow":["GET"]}}],"collection":[{"href":"https:\/\/blogdoedvaldomagalhaes.com.br\/index.php\/wp-json\/wp\/v2\/posts"}],"about":[{"href":"https:\/\/blogdoedvaldomagalhaes.com.br\/index.php\/wp-json\/wp\/v2\/types\/post"}],"author":[{"embeddable":true,"href":"https:\/\/blogdoedvaldomagalhaes.com.br\/index.php\/wp-json\/wp\/v2\/users\/1"}],"replies":[{"embeddable":true,"href":"https:\/\/blogdoedvaldomagalhaes.com.br\/index.php\/wp-json\/wp\/v2\/comments?post=128879"}],"version-history":[{"count":1,"href":"https:\/\/blogdoedvaldomagalhaes.com.br\/index.php\/wp-json\/wp\/v2\/posts\/128879\/revisions"}],"predecessor-version":[{"id":128881,"href":"https:\/\/blogdoedvaldomagalhaes.com.br\/index.php\/wp-json\/wp\/v2\/posts\/128879\/revisions\/128881"}],"wp:featuredmedia":[{"embeddable":true,"href":"https:\/\/blogdoedvaldomagalhaes.com.br\/index.php\/wp-json\/wp\/v2\/media\/128880"}],"wp:attachment":[{"href":"https:\/\/blogdoedvaldomagalhaes.com.br\/index.php\/wp-json\/wp\/v2\/media?parent=128879"}],"wp:term":[{"taxonomy":"category","embeddable":true,"href":"https:\/\/blogdoedvaldomagalhaes.com.br\/index.php\/wp-json\/wp\/v2\/categories?post=128879"},{"taxonomy":"post_tag","embeddable":true,"href":"https:\/\/blogdoedvaldomagalhaes.com.br\/index.php\/wp-json\/wp\/v2\/tags?post=128879"}],"curies":[{"name":"wp","href":"https:\/\/api.w.org\/{rel}","templated":true}]}}