{"id":128876,"date":"2026-04-29T21:44:58","date_gmt":"2026-04-30T00:44:58","guid":{"rendered":"https:\/\/blogdoedvaldomagalhaes.com.br\/?p=128876"},"modified":"2026-04-29T21:44:58","modified_gmt":"2026-04-30T00:44:58","slug":"prefeitura-de-caruaru-divulga-funcionamento-dos-servicos-durante-o-feriado-do-dia-do-trabalhador-confira","status":"publish","type":"post","link":"https:\/\/blogdoedvaldomagalhaes.com.br\/index.php\/2026\/04\/29\/prefeitura-de-caruaru-divulga-funcionamento-dos-servicos-durante-o-feriado-do-dia-do-trabalhador-confira\/","title":{"rendered":"Prefeitura de Caruaru divulga funcionamento dos servi\u00e7os durante o feriado do dia do trabalhador; Confira"},"content":{"rendered":"<p><span style=\"font-size: revert;\">A Prefeitura de Caruaru, por meio da Secretaria de Administra\u00e7\u00e3o (SAD), informa que em virtude do feriado do dia do trabalhador, na pr\u00f3xima sexta-feira (1), n\u00e3o haver\u00e1 expediente nas reparti\u00e7\u00f5es publicas, exceto nos servi\u00e7os considerados essenciais.<\/span><\/p>\n<p>Confira o funcionamento dos servi\u00e7os:<\/p>\n<p>UPAs, SAMU, Maternidade Municipal de Caruaru Santa Dulce dos Pobres e Hospital Manoel Afonso funcionam normalmente.<\/p>\n<p>Os Centros de Atendimento ao Turista (CATs) n\u00e3o ter\u00e1 funcionamento no Alto do Moura. J\u00e1 no Monte Bom Jesus segue normalmente.<\/p>\n<p>A Secretaria de Assist\u00eancia Social e Combate \u00e0 Fome manter\u00e1 o plant\u00e3o do aux\u00edlio funeral, que poder\u00e1 ser acionado pelos n\u00fameros (81) 98384-2410 e (81) 98384-3756. O servi\u00e7o de pernoite para a popula\u00e7\u00e3o em situa\u00e7\u00e3o de rua funcionar\u00e1 normalmente, na Rua Souza Lima, s\/n\u00ba, no bairro Nossa Senhora das Dores. Al\u00e9m disso, a equipe de abordagem social estar\u00e1 em atividade.<\/p>\n<p>Na \u00e1rea da educa\u00e7\u00e3o, n\u00e3o haver\u00e1 aula na rede municipal de ensino.<\/p>\n<p>Os museus e biblioteca, estar\u00e3o fechados no dia 1\u00b0.<\/p>\n<p>O Centro de Refer\u00eancia da Mulher Maria Neuma funcionar\u00e1 em regime de plant\u00e3o 24 horas, com atendimento pelo telefone (81) 98384-4310.<\/p>\n<p>Feira da Moda de Caruaru funcionar\u00e1 normalmente.<\/p>\n<p>A Feira do bairro S\u00e3o Francisco acontecer\u00e1 na sexta-feira em hor\u00e1rio normal.<\/p>\n<p>A Central de Abastecimento de Caruaru (CEACA) estar\u00e1 fechada durante o dia, voltando a funcionar a partir das 18h.<\/p>\n<p>O AME Animal funcionar\u00e1 em regime de plant\u00e3o, garantindo o atendimento emergencial.<\/p>\n<p>Os parques municipais e a Via Parque funcionar\u00e3o normalmente.<\/p>\n<p>A coleta de lixo ser\u00e1 realizada normalmente.<br \/>\nSiga o Instagram @portaledvaldomagalhaes<br \/>\nFoto: Divulga\u00e7\u00e3o\/Secom<\/p>\n","protected":false},"excerpt":{"rendered":"<p>A Prefeitura de Caruaru, por meio da Secretaria de Administra\u00e7\u00e3o (SAD), informa que em virtude do feriado do dia do&hellip;<\/p>\n","protected":false},"author":1,"featured_media":128877,"comment_status":"closed","ping_status":"open","sticky":false,"template":"","format":"standard","meta":{"footnotes":""},"categories":[14120],"tags":[13146,34634,141],"class_list":["post-128876","post","type-post","status-publish","format-standard","has-post-thumbnail","hentry","category-noticias","tag-blog-edvaldo-magalhaes","tag-portal-edvaldo-magalhaes","tag-prefeitura-de-caruaru"],"_links":{"self":[{"href":"https:\/\/blogdoedvaldomagalhaes.com.br\/index.php\/wp-json\/wp\/v2\/posts\/128876","targetHints":{"allow":["GET"]}}],"collection":[{"href":"https:\/\/blogdoedvaldomagalhaes.com.br\/index.php\/wp-json\/wp\/v2\/posts"}],"about":[{"href":"https:\/\/blogdoedvaldomagalhaes.com.br\/index.php\/wp-json\/wp\/v2\/types\/post"}],"author":[{"embeddable":true,"href":"https:\/\/blogdoedvaldomagalhaes.com.br\/index.php\/wp-json\/wp\/v2\/users\/1"}],"replies":[{"embeddable":true,"href":"https:\/\/blogdoedvaldomagalhaes.com.br\/index.php\/wp-json\/wp\/v2\/comments?post=128876"}],"version-history":[{"count":1,"href":"https:\/\/blogdoedvaldomagalhaes.com.br\/index.php\/wp-json\/wp\/v2\/posts\/128876\/revisions"}],"predecessor-version":[{"id":128878,"href":"https:\/\/blogdoedvaldomagalhaes.com.br\/index.php\/wp-json\/wp\/v2\/posts\/128876\/revisions\/128878"}],"wp:featuredmedia":[{"embeddable":true,"href":"https:\/\/blogdoedvaldomagalhaes.com.br\/index.php\/wp-json\/wp\/v2\/media\/128877"}],"wp:attachment":[{"href":"https:\/\/blogdoedvaldomagalhaes.com.br\/index.php\/wp-json\/wp\/v2\/media?parent=128876"}],"wp:term":[{"taxonomy":"category","embeddable":true,"href":"https:\/\/blogdoedvaldomagalhaes.com.br\/index.php\/wp-json\/wp\/v2\/categories?post=128876"},{"taxonomy":"post_tag","embeddable":true,"href":"https:\/\/blogdoedvaldomagalhaes.com.br\/index.php\/wp-json\/wp\/v2\/tags?post=128876"}],"curies":[{"name":"wp","href":"https:\/\/api.w.org\/{rel}","templated":true}]}}