{"id":128873,"date":"2026-04-29T20:56:34","date_gmt":"2026-04-29T23:56:34","guid":{"rendered":"https:\/\/blogdoedvaldomagalhaes.com.br\/?p=128873"},"modified":"2026-04-29T21:53:47","modified_gmt":"2026-04-30T00:53:47","slug":"senai-caruaru-oferta-curso-de-qualificacao-profissional-na-area-automotiva-inscricoes-estao-abertas","status":"publish","type":"post","link":"https:\/\/blogdoedvaldomagalhaes.com.br\/index.php\/2026\/04\/29\/senai-caruaru-oferta-curso-de-qualificacao-profissional-na-area-automotiva-inscricoes-estao-abertas\/","title":{"rendered":"SENAI Caruaru oferta curso de qualifica\u00e7\u00e3o profissional na \u00e1rea automotiva,\u00a0inscri\u00e7\u00f5es est\u00e3o abertas"},"content":{"rendered":"<p><span style=\"font-size: revert;\">O Servi\u00e7o Nacional de Aprendizagem Industrial de Pernambuco (SENAI-PE) est\u00e1 com inscri\u00e7\u00f5es abertas para uma nova turma do curso de Mec\u00e2nico de Motocicleta na unidade de SENAI Caruaru. Com in\u00edcio previsto para o dia 04 de maio e dura\u00e7\u00e3o de quatro meses, a capacita\u00e7\u00e3o ser\u00e1 realizada no turno da noite, das 18h \u00e0s 22h, com foco em atividades pr\u00e1ticas alinhadas \u00e0s demandas do setor produtivo.<\/span><\/p>\n<p>O investimento \u00e9 de 10 parcelas de R$ 244. Para participar, o candidato deve ter no m\u00ednimo 18 anos e escolaridade equivalente ao ensino fundamental completo. As inscri\u00e7\u00f5es podem ser feitas diretamente na unidade do SENAI Caruaru, que fica na R. Jo\u00e3o Gomes de Pontes, 166, no bairro Kennedy, de segunda a sexta-feira, das 08h \u00e0s 20h, e aos s\u00e1bados, das 09h \u00e0s 15h. Excepcionalmente, neste s\u00e1bado (02), a unidade n\u00e3o ter\u00e1 expediente.<\/p>\n<p>O diretor da unidade, Daniel Fagundes, destaca a prepara\u00e7\u00e3o oferecida pelo curso. \u201cA forma\u00e7\u00e3o tem carga hor\u00e1ria de 216 horas e prepara o aluno para realizar montagem, desmontagem, reparos, instala\u00e7\u00e3o, substitui\u00e7\u00e3o e testes de componentes e sistemas de motocicletas\u201d.<br \/>\nSiga o Instagram @portaledvaldomagalhaes<br \/>\nFoto: Divulga\u00e7\u00e3o<\/p>\n","protected":false},"excerpt":{"rendered":"<p>O Servi\u00e7o Nacional de Aprendizagem Industrial de Pernambuco (SENAI-PE) est\u00e1 com inscri\u00e7\u00f5es abertas para uma nova turma do curso de&hellip;<\/p>\n","protected":false},"author":1,"featured_media":128874,"comment_status":"closed","ping_status":"open","sticky":false,"template":"","format":"standard","meta":{"footnotes":""},"categories":[21063],"tags":[13146,34634,36397],"class_list":["post-128873","post","type-post","status-publish","format-standard","has-post-thumbnail","hentry","category-utilidade-publica","tag-blog-edvaldo-magalhaes","tag-portal-edvaldo-magalhaes","tag-senai-caruaru"],"_links":{"self":[{"href":"https:\/\/blogdoedvaldomagalhaes.com.br\/index.php\/wp-json\/wp\/v2\/posts\/128873","targetHints":{"allow":["GET"]}}],"collection":[{"href":"https:\/\/blogdoedvaldomagalhaes.com.br\/index.php\/wp-json\/wp\/v2\/posts"}],"about":[{"href":"https:\/\/blogdoedvaldomagalhaes.com.br\/index.php\/wp-json\/wp\/v2\/types\/post"}],"author":[{"embeddable":true,"href":"https:\/\/blogdoedvaldomagalhaes.com.br\/index.php\/wp-json\/wp\/v2\/users\/1"}],"replies":[{"embeddable":true,"href":"https:\/\/blogdoedvaldomagalhaes.com.br\/index.php\/wp-json\/wp\/v2\/comments?post=128873"}],"version-history":[{"count":1,"href":"https:\/\/blogdoedvaldomagalhaes.com.br\/index.php\/wp-json\/wp\/v2\/posts\/128873\/revisions"}],"predecessor-version":[{"id":128875,"href":"https:\/\/blogdoedvaldomagalhaes.com.br\/index.php\/wp-json\/wp\/v2\/posts\/128873\/revisions\/128875"}],"wp:featuredmedia":[{"embeddable":true,"href":"https:\/\/blogdoedvaldomagalhaes.com.br\/index.php\/wp-json\/wp\/v2\/media\/128874"}],"wp:attachment":[{"href":"https:\/\/blogdoedvaldomagalhaes.com.br\/index.php\/wp-json\/wp\/v2\/media?parent=128873"}],"wp:term":[{"taxonomy":"category","embeddable":true,"href":"https:\/\/blogdoedvaldomagalhaes.com.br\/index.php\/wp-json\/wp\/v2\/categories?post=128873"},{"taxonomy":"post_tag","embeddable":true,"href":"https:\/\/blogdoedvaldomagalhaes.com.br\/index.php\/wp-json\/wp\/v2\/tags?post=128873"}],"curies":[{"name":"wp","href":"https:\/\/api.w.org\/{rel}","templated":true}]}}