{"id":128870,"date":"2026-04-29T20:49:51","date_gmt":"2026-04-29T23:49:51","guid":{"rendered":"https:\/\/blogdoedvaldomagalhaes.com.br\/?p=128870"},"modified":"2026-04-29T22:07:53","modified_gmt":"2026-04-30T01:07:53","slug":"ufpe-caruaru-sediara-intercom-regional-nordeste-2026-que-reunira-estudantes-pesquisadores-e-profissionais-da-comunicacao","status":"publish","type":"post","link":"https:\/\/blogdoedvaldomagalhaes.com.br\/index.php\/2026\/04\/29\/ufpe-caruaru-sediara-intercom-regional-nordeste-2026-que-reunira-estudantes-pesquisadores-e-profissionais-da-comunicacao\/","title":{"rendered":"UFPE Caruaru sediar\u00e1 Intercom Regional Nordeste 2026 que\u00a0reunir\u00e1 estudantes, pesquisadores e profissionais da Comunica\u00e7\u00e3o"},"content":{"rendered":"<p><span style=\"font-size: revert;\">A Universidade Federal de Pernambuco (UFPE), por meio do Campus Acad\u00eamico do Agreste (CAA), em Caruaru, ser\u00e1 a sede do Intercom Regional Nordeste 2026, um dos principais encontros cient\u00edficos da \u00e1rea de Comunica\u00e7\u00e3o no pa\u00eds. O evento acontecer\u00e1 entre os dias 8 e 10 de julho de 2026, reunindo estudantes, pesquisadores e profissionais de diversos estados nordestinos para tr\u00eas dias de debates, apresenta\u00e7\u00f5es de trabalhos e interc\u00e2mbio acad\u00eamico.<\/span><\/p>\n<p>As inscri\u00e7\u00f5es j\u00e1 est\u00e3o abertas e podem ser realizadas at\u00e9 o dia 11 de junho pelo site (www.sistemas.intercom.org.br). At\u00e9 o dia 08 de junho o valor para estudantes de gradua\u00e7\u00e3o e rec\u00e9m-graduados (2025-2026) \u00e9 de R$ 45, j\u00e1 para estudantes de mestrado e doutorado as inscri\u00e7\u00f5es custam R$ 115 e R$ 130, respectivamente. Para professores, pesquisadores e profissionais da \u00e1rea o valor \u00e9 de R$ 260. Associados Intercom que estejam em dia com a anuidade 2026 s\u00e3o isentos de taxa de inscri\u00e7\u00e3o no congresso.<\/p>\n<p>Para o coordenador-geral do evento, Prof. Rodrigo Barbosa, receber o congresso em Caruaru representa um marco institucional e regional. \u201cA \u00faltima vez que o Congresso da Intercom Nordeste aconteceu aqui em Caruaru foi em 2016. Ent\u00e3o, pra gente, \u00e9 realmente uma honra poder sediar novamente o evento neste ano. Esse momento tamb\u00e9m tem um significado especial, porque coincide com a comemora\u00e7\u00e3o dos 10 anos do nosso curso de Comunica\u00e7\u00e3o Social, al\u00e9m do in\u00edcio da nossa primeira turma de mestrado, que come\u00e7ou no ano passado. E a expectativa \u00e9 muito positiva. O congresso realizado em Fortaleza, no ano passado, foi o maior entre todas as regionais da Intercom, e a nossa inten\u00e7\u00e3o agora \u00e9 superar essa marca, reunindo mais de 1.500 estudantes, professores e profissionais da \u00e1rea de Comunica\u00e7\u00e3o aqui em Caruaru\u201d, destacou.<\/p>\n<p>O evento est\u00e1 com prazo de submiss\u00e3o de trabalhos cient\u00edficos at\u00e9 18 de maio. Ao todo, s\u00e3o 35 grupos de trabalhos que re\u00fanem pesquisas e se consolidam como espa\u00e7os de debate, interc\u00e2mbio de experi\u00eancias e fortalecimento da produ\u00e7\u00e3o cient\u00edfica em torno de tem\u00e1ticas comuns da Comunica\u00e7\u00e3o. Os resumos expandidos devem ter at\u00e9 seis p\u00e1ginas conforme modelo oficial da Intercom e a submiss\u00e3o \u00e9 feita no site oficial. A participa\u00e7\u00e3o exige inscri\u00e7\u00e3o regular no congresso, e os trabalhos aprovados ser\u00e3o apresentados durante o evento.<\/p>\n<p>Pesquisadores, docentes e profissionais da \u00e1rea da comunica\u00e7\u00e3o tamb\u00e9m podem realizar a submiss\u00e3o de propostas de workshops e oficinas at\u00e9 o dia 10 de maio, por meio do site oficial. As atividades t\u00eam como finalidade ampliar a forma\u00e7\u00e3o acad\u00eamica e profissional dos participantes, promovendo discuss\u00f5es pr\u00e1ticas sobre as transforma\u00e7\u00f5es do mercado e das profiss\u00f5es ligadas \u00e0 comunica\u00e7\u00e3o. As propostas devem prever a\u00e7\u00f5es com dura\u00e7\u00e3o entre tr\u00eas e quatro horas e ser\u00e3o avaliadas com base na relev\u00e2ncia tem\u00e1tica, contribui\u00e7\u00e3o formativa e viabilidade t\u00e9cnica. Os proponentes selecionados ter\u00e3o isen\u00e7\u00e3o na taxa de inscri\u00e7\u00e3o do congresso.<\/p>\n<p>A marca oficial do congresso foi desenvolvida pelo Laborat\u00f3rio de Tipografia do Agreste (@labtipografia.ufpe), coordenado pela professora F\u00e1tima Finizola, e representa os pilares que norteiam esta edi\u00e7\u00e3o: Conex\u00e3o, Tradi\u00e7\u00e3o e Transforma\u00e7\u00e3o. A identidade visual traduz a proposta de integrar a heran\u00e7a hist\u00f3rica da comunica\u00e7\u00e3o nordestina \u00e0s linguagens contempor\u00e2neas da m\u00eddia e aos desafios futuros do campo comunicacional.<\/p>\n<p>Com refer\u00eancias visuais inspiradas na for\u00e7a cultural do Agreste pernambucano, a marca re\u00fane texturas, grafismos e cores que evocam diversidade, criatividade e pertencimento regional. A composi\u00e7\u00e3o tamb\u00e9m remete \u00e0 circula\u00e7\u00e3o de ideias, redes colaborativas e \u00e0 conex\u00e3o entre universidades, docentes, estudantes e pesquisadores.<\/p>\n<p>O Intercom Regional Nordeste \u00e9 um espa\u00e7o estrat\u00e9gico de encontro, produ\u00e7\u00e3o de conhecimento e fortalecimento da pesquisa em comunica\u00e7\u00e3o. Tradicionalmente, o evento tamb\u00e9m funciona como etapa preparat\u00f3ria para o Congresso Nacional da Intercom, que neste ano ser\u00e1 realizado na Universidade Cat\u00f3lica de Bras\u00edlia (UCB), em duas etapas: remota, de 12 a 15 de agosto; e presencial, de 1\u00ba a 5 de setembro.<br \/>\nSiga @portaledvaldomaalhaes<br \/>\nFoto: Divulga\u00e7\u00e3o<\/p>\n","protected":false},"excerpt":{"rendered":"<p>A Universidade Federal de Pernambuco (UFPE), por meio do Campus Acad\u00eamico do Agreste (CAA), em Caruaru, ser\u00e1 a sede do&hellip;<\/p>\n","protected":false},"author":1,"featured_media":128871,"comment_status":"closed","ping_status":"open","sticky":false,"template":"","format":"standard","meta":{"footnotes":""},"categories":[21063],"tags":[13146,34634],"class_list":["post-128870","post","type-post","status-publish","format-standard","has-post-thumbnail","hentry","category-utilidade-publica","tag-blog-edvaldo-magalhaes","tag-portal-edvaldo-magalhaes"],"_links":{"self":[{"href":"https:\/\/blogdoedvaldomagalhaes.com.br\/index.php\/wp-json\/wp\/v2\/posts\/128870","targetHints":{"allow":["GET"]}}],"collection":[{"href":"https:\/\/blogdoedvaldomagalhaes.com.br\/index.php\/wp-json\/wp\/v2\/posts"}],"about":[{"href":"https:\/\/blogdoedvaldomagalhaes.com.br\/index.php\/wp-json\/wp\/v2\/types\/post"}],"author":[{"embeddable":true,"href":"https:\/\/blogdoedvaldomagalhaes.com.br\/index.php\/wp-json\/wp\/v2\/users\/1"}],"replies":[{"embeddable":true,"href":"https:\/\/blogdoedvaldomagalhaes.com.br\/index.php\/wp-json\/wp\/v2\/comments?post=128870"}],"version-history":[{"count":1,"href":"https:\/\/blogdoedvaldomagalhaes.com.br\/index.php\/wp-json\/wp\/v2\/posts\/128870\/revisions"}],"predecessor-version":[{"id":128872,"href":"https:\/\/blogdoedvaldomagalhaes.com.br\/index.php\/wp-json\/wp\/v2\/posts\/128870\/revisions\/128872"}],"wp:featuredmedia":[{"embeddable":true,"href":"https:\/\/blogdoedvaldomagalhaes.com.br\/index.php\/wp-json\/wp\/v2\/media\/128871"}],"wp:attachment":[{"href":"https:\/\/blogdoedvaldomagalhaes.com.br\/index.php\/wp-json\/wp\/v2\/media?parent=128870"}],"wp:term":[{"taxonomy":"category","embeddable":true,"href":"https:\/\/blogdoedvaldomagalhaes.com.br\/index.php\/wp-json\/wp\/v2\/categories?post=128870"},{"taxonomy":"post_tag","embeddable":true,"href":"https:\/\/blogdoedvaldomagalhaes.com.br\/index.php\/wp-json\/wp\/v2\/tags?post=128870"}],"curies":[{"name":"wp","href":"https:\/\/api.w.org\/{rel}","templated":true}]}}