{"id":128867,"date":"2026-04-29T20:42:37","date_gmt":"2026-04-29T23:42:37","guid":{"rendered":"https:\/\/blogdoedvaldomagalhaes.com.br\/?p=128867"},"modified":"2026-04-29T20:42:37","modified_gmt":"2026-04-29T23:42:37","slug":"anderson-luiz-amplia-base-em-caruaru-com-apoio-de-vereador-e-ex-vereador-ligados-ao-pdt","status":"publish","type":"post","link":"https:\/\/blogdoedvaldomagalhaes.com.br\/index.php\/2026\/04\/29\/anderson-luiz-amplia-base-em-caruaru-com-apoio-de-vereador-e-ex-vereador-ligados-ao-pdt\/","title":{"rendered":"Anderson Luiz amplia base em Caruaru com apoio de vereador e ex-vereador ligados ao PDT"},"content":{"rendered":"<p><span style=\"font-size: revert;\">O pr\u00e9-candidato a deputado estadual Anderson Luiz (PSD) ampliou sua base pol\u00edtica em Caruaru, em movimento anunciado nesta quarta-feira (29), ao receber o apoio de duas importantes lideran\u00e7as ligadas ao PDT e pr\u00f3ximas ao grupo do ex-prefeito Jos\u00e9 Queiroz. Declararam ades\u00e3o ao projeto o vereador Wagner do Santa Rosa e o ex-vereador Edjailson da Caruforr\u00f3, fortalecendo a articula\u00e7\u00e3o em torno da pr\u00e9-candidatura.<\/span><\/p>\n<p>Na \u00faltima elei\u00e7\u00e3o municipal, Wagner do Santa Rosa conquistou 2.364 votos, enquanto Edjailson da Caruforr\u00f3 obteve 1.490 votos, n\u00fameros que demonstram capilaridade eleitoral e presen\u00e7a consolidada em importantes bases da cidade. A chegada das duas lideran\u00e7as \u00e9 vista como estrat\u00e9gica para Anderson Luiz, que passa a agregar nomes com hist\u00f3rico de vota\u00e7\u00e3o expressiva e forte atua\u00e7\u00e3o popular.<\/p>\n<p>\u201cRecebo esse apoio com muita alegria e senso de responsabilidade. Wagner e Edjailson s\u00e3o lideran\u00e7as reconhecidas, que conhecem de perto a realidade de Caruaru e t\u00eam servi\u00e7os prestados \u00e0 popula\u00e7\u00e3o. Essa uni\u00e3o fortalece ainda mais nosso compromisso de trabalhar por Pernambuco e por uma Caruaru cada vez mais forte, ao lado do nosso prefeito Rodrigo Pinheiro e da governadora Raquel Lyra\u201d, afirmou Anderson Luiz.<br \/>\nSiga o Instagram @portaledvaldomagalhaes<br \/>\nFoto: Divulga\u00e7\u00e3o<\/p>\n","protected":false},"excerpt":{"rendered":"<p>O pr\u00e9-candidato a deputado estadual Anderson Luiz (PSD) ampliou sua base pol\u00edtica em Caruaru, em movimento anunciado nesta quarta-feira (29),&hellip;<\/p>\n","protected":false},"author":1,"featured_media":128868,"comment_status":"closed","ping_status":"open","sticky":false,"template":"","format":"standard","meta":{"footnotes":""},"categories":[14122],"tags":[7679,13146,3634,20,34634],"class_list":["post-128867","post","type-post","status-publish","format-standard","has-post-thumbnail","hentry","category-politica","tag-anderson-luiz","tag-blog-edvaldo-magalhaes","tag-pdt","tag-politica","tag-portal-edvaldo-magalhaes"],"_links":{"self":[{"href":"https:\/\/blogdoedvaldomagalhaes.com.br\/index.php\/wp-json\/wp\/v2\/posts\/128867","targetHints":{"allow":["GET"]}}],"collection":[{"href":"https:\/\/blogdoedvaldomagalhaes.com.br\/index.php\/wp-json\/wp\/v2\/posts"}],"about":[{"href":"https:\/\/blogdoedvaldomagalhaes.com.br\/index.php\/wp-json\/wp\/v2\/types\/post"}],"author":[{"embeddable":true,"href":"https:\/\/blogdoedvaldomagalhaes.com.br\/index.php\/wp-json\/wp\/v2\/users\/1"}],"replies":[{"embeddable":true,"href":"https:\/\/blogdoedvaldomagalhaes.com.br\/index.php\/wp-json\/wp\/v2\/comments?post=128867"}],"version-history":[{"count":1,"href":"https:\/\/blogdoedvaldomagalhaes.com.br\/index.php\/wp-json\/wp\/v2\/posts\/128867\/revisions"}],"predecessor-version":[{"id":128869,"href":"https:\/\/blogdoedvaldomagalhaes.com.br\/index.php\/wp-json\/wp\/v2\/posts\/128867\/revisions\/128869"}],"wp:featuredmedia":[{"embeddable":true,"href":"https:\/\/blogdoedvaldomagalhaes.com.br\/index.php\/wp-json\/wp\/v2\/media\/128868"}],"wp:attachment":[{"href":"https:\/\/blogdoedvaldomagalhaes.com.br\/index.php\/wp-json\/wp\/v2\/media?parent=128867"}],"wp:term":[{"taxonomy":"category","embeddable":true,"href":"https:\/\/blogdoedvaldomagalhaes.com.br\/index.php\/wp-json\/wp\/v2\/categories?post=128867"},{"taxonomy":"post_tag","embeddable":true,"href":"https:\/\/blogdoedvaldomagalhaes.com.br\/index.php\/wp-json\/wp\/v2\/tags?post=128867"}],"curies":[{"name":"wp","href":"https:\/\/api.w.org\/{rel}","templated":true}]}}