{"id":128864,"date":"2026-04-29T20:28:12","date_gmt":"2026-04-29T23:28:12","guid":{"rendered":"https:\/\/blogdoedvaldomagalhaes.com.br\/?p=128864"},"modified":"2026-04-29T20:28:12","modified_gmt":"2026-04-29T23:28:12","slug":"festival-sesi-dia-do-trabalhador-sera-evento-gratuito-com-competicoes-aulao-de-zumba-e-dia-de-piscina","status":"publish","type":"post","link":"https:\/\/blogdoedvaldomagalhaes.com.br\/index.php\/2026\/04\/29\/festival-sesi-dia-do-trabalhador-sera-evento-gratuito-com-competicoes-aulao-de-zumba-e-dia-de-piscina\/","title":{"rendered":"Festival SESI Dia do Trabalhador ser\u00e1 evento gratuito com competi\u00e7\u00f5es, aul\u00e3o de zumba e dia de piscina"},"content":{"rendered":"<p><span style=\"font-size: revert;\">Os trabalhadores da ind\u00fastria e a comunidade de Caruaru j\u00e1 t\u00eam programa\u00e7\u00e3o garantida para celebrar o Dia do Trabalhador. O SESI Caruaru promover\u00e1, no dia 1\u00ba de maio, o Festival SESI Dia do Trabalhador, uma a\u00e7\u00e3o especial voltada ao lazer, ao esporte e \u00e0 confraterniza\u00e7\u00e3o entre colaboradores e suas fam\u00edlias. A programa\u00e7\u00e3o ter\u00e1 in\u00edcio \u00e0s 8h e seguir\u00e1 ao longo da manh\u00e3 e da tarde, com atividades gratuitas para todas as idades.<\/span><\/p>\n<p>Entre os destaques est\u00e3o as competi\u00e7\u00f5es de futebol de campo e society, reunindo equipes formadas por colegas de trabalho em clima de integra\u00e7\u00e3o e divers\u00e3o, a partir das 8h. \u00c0s 9h, o p\u00fablico poder\u00e1 participar de um animado aul\u00e3o de zumba, seguido de uma a\u00e7\u00e3o de hidrata\u00e7\u00e3o saud\u00e1vel. Para quem deseja aproveitar momentos de descanso e lazer, a piscina ficar\u00e1 liberada das 10h \u00e0s 14h.<\/p>\n<p>\u201cSer\u00e1 um dia inteiro dedicado a quem faz a nossa ind\u00fastria e a nossa cidade crescerem. O evento \u00e9 um convite para que os trabalhadores do setor re\u00fanam os colegas de f\u00e1brica e tragam tamb\u00e9m a fam\u00edlia, fortalecendo la\u00e7os em um ambiente preparado pelo SESI para celebrar a data\u201d, destaca a gerente do SESI Caruaru, Roberv\u00e2nia Cordeiro. \u00a0<br \/>Siga o Instagram @portaledvaldomagalhaes<br \/>Foto: Divulga\u00e7\u00e3o\u00a0<\/p>\n\n\n<p><\/p>\n","protected":false},"excerpt":{"rendered":"<p>Os trabalhadores da ind\u00fastria e a comunidade de Caruaru j\u00e1 t\u00eam programa\u00e7\u00e3o garantida para celebrar o Dia do Trabalhador. O&hellip;<\/p>\n","protected":false},"author":1,"featured_media":128865,"comment_status":"closed","ping_status":"open","sticky":false,"template":"","format":"standard","meta":{"footnotes":""},"categories":[14120],"tags":[13146,36394,34634,11222],"class_list":["post-128864","post","type-post","status-publish","format-standard","has-post-thumbnail","hentry","category-noticias","tag-blog-edvaldo-magalhaes","tag-dia-do-trabalhador","tag-portal-edvaldo-magalhaes","tag-sesi-caruaru"],"_links":{"self":[{"href":"https:\/\/blogdoedvaldomagalhaes.com.br\/index.php\/wp-json\/wp\/v2\/posts\/128864","targetHints":{"allow":["GET"]}}],"collection":[{"href":"https:\/\/blogdoedvaldomagalhaes.com.br\/index.php\/wp-json\/wp\/v2\/posts"}],"about":[{"href":"https:\/\/blogdoedvaldomagalhaes.com.br\/index.php\/wp-json\/wp\/v2\/types\/post"}],"author":[{"embeddable":true,"href":"https:\/\/blogdoedvaldomagalhaes.com.br\/index.php\/wp-json\/wp\/v2\/users\/1"}],"replies":[{"embeddable":true,"href":"https:\/\/blogdoedvaldomagalhaes.com.br\/index.php\/wp-json\/wp\/v2\/comments?post=128864"}],"version-history":[{"count":1,"href":"https:\/\/blogdoedvaldomagalhaes.com.br\/index.php\/wp-json\/wp\/v2\/posts\/128864\/revisions"}],"predecessor-version":[{"id":128866,"href":"https:\/\/blogdoedvaldomagalhaes.com.br\/index.php\/wp-json\/wp\/v2\/posts\/128864\/revisions\/128866"}],"wp:featuredmedia":[{"embeddable":true,"href":"https:\/\/blogdoedvaldomagalhaes.com.br\/index.php\/wp-json\/wp\/v2\/media\/128865"}],"wp:attachment":[{"href":"https:\/\/blogdoedvaldomagalhaes.com.br\/index.php\/wp-json\/wp\/v2\/media?parent=128864"}],"wp:term":[{"taxonomy":"category","embeddable":true,"href":"https:\/\/blogdoedvaldomagalhaes.com.br\/index.php\/wp-json\/wp\/v2\/categories?post=128864"},{"taxonomy":"post_tag","embeddable":true,"href":"https:\/\/blogdoedvaldomagalhaes.com.br\/index.php\/wp-json\/wp\/v2\/tags?post=128864"}],"curies":[{"name":"wp","href":"https:\/\/api.w.org\/{rel}","templated":true}]}}