{"id":128861,"date":"2026-04-29T19:43:42","date_gmt":"2026-04-29T22:43:42","guid":{"rendered":"https:\/\/blogdoedvaldomagalhaes.com.br\/?p=128861"},"modified":"2026-04-29T19:43:42","modified_gmt":"2026-04-29T22:43:42","slug":"interdicao-na-br-232-em-caruaru-desvia-transito-no-sentido-interior-por-ate-8-dias","status":"publish","type":"post","link":"https:\/\/blogdoedvaldomagalhaes.com.br\/index.php\/2026\/04\/29\/interdicao-na-br-232-em-caruaru-desvia-transito-no-sentido-interior-por-ate-8-dias\/","title":{"rendered":"Interdi\u00e7\u00e3o na BR-232 em Caruaru desvia tr\u00e2nsito no sentido Interior por at\u00e9 8 dias"},"content":{"rendered":"<p><span style=\"font-size: revert;\">Aten\u00e7\u00e3o, motoristas! A partir da noite desta quarta-feira (29), o tr\u00e1fego na BR-232, no km 129, nas proximidades do Hotel Village, em Caruaru, ser\u00e1 totalmente interditado no sentido Interior.<\/span><\/p>\n<p>Durante a interven\u00e7\u00e3o, os ve\u00edculos ser\u00e3o desviados para a via local. A interdi\u00e7\u00e3o acontece para a realiza\u00e7\u00e3o de servi\u00e7os de sondagem e manuten\u00e7\u00e3o executados pela Compesa.<\/p>\n<p>A previs\u00e3o \u00e9 que os trabalhos sejam conclu\u00eddos em at\u00e9 oito dias. Ap\u00f3s essa etapa, o DER dar\u00e1 continuidade \u00e0 restaura\u00e7\u00e3o do trecho danificado, com posterior libera\u00e7\u00e3o total da via.<\/p>\n<p>\u26a0\ufe0f Redobre a aten\u00e7\u00e3o ao passar pelo local e, se poss\u00edvel, programe rotas alternativas.<\/p>\n<p>\ud83d\udc49 Siga o Instagram @portaledvaldomagalhaes para mais not\u00edcias em tempo real!<br \/>\nFoto:,Divulga\u00e7\u00e3o\/DER-PE<\/p>\n<p>#Caruaru #BR232 #Tr\u00e2nsito #Interdi\u00e7\u00e3o #Pernambuco #Obras #Compesa #DERPE #Mobilidade #Agreste<\/p>\n","protected":false},"excerpt":{"rendered":"<p>Aten\u00e7\u00e3o, motoristas! A partir da noite desta quarta-feira (29), o tr\u00e1fego na BR-232, no km 129, nas proximidades do Hotel&hellip;<\/p>\n","protected":false},"author":1,"featured_media":128862,"comment_status":"closed","ping_status":"open","sticky":false,"template":"","format":"standard","meta":{"footnotes":""},"categories":[14120],"tags":[13146,18654,10776,34634],"class_list":["post-128861","post","type-post","status-publish","format-standard","has-post-thumbnail","hentry","category-noticias","tag-blog-edvaldo-magalhaes","tag-br-232-2","tag-der","tag-portal-edvaldo-magalhaes"],"_links":{"self":[{"href":"https:\/\/blogdoedvaldomagalhaes.com.br\/index.php\/wp-json\/wp\/v2\/posts\/128861","targetHints":{"allow":["GET"]}}],"collection":[{"href":"https:\/\/blogdoedvaldomagalhaes.com.br\/index.php\/wp-json\/wp\/v2\/posts"}],"about":[{"href":"https:\/\/blogdoedvaldomagalhaes.com.br\/index.php\/wp-json\/wp\/v2\/types\/post"}],"author":[{"embeddable":true,"href":"https:\/\/blogdoedvaldomagalhaes.com.br\/index.php\/wp-json\/wp\/v2\/users\/1"}],"replies":[{"embeddable":true,"href":"https:\/\/blogdoedvaldomagalhaes.com.br\/index.php\/wp-json\/wp\/v2\/comments?post=128861"}],"version-history":[{"count":1,"href":"https:\/\/blogdoedvaldomagalhaes.com.br\/index.php\/wp-json\/wp\/v2\/posts\/128861\/revisions"}],"predecessor-version":[{"id":128863,"href":"https:\/\/blogdoedvaldomagalhaes.com.br\/index.php\/wp-json\/wp\/v2\/posts\/128861\/revisions\/128863"}],"wp:featuredmedia":[{"embeddable":true,"href":"https:\/\/blogdoedvaldomagalhaes.com.br\/index.php\/wp-json\/wp\/v2\/media\/128862"}],"wp:attachment":[{"href":"https:\/\/blogdoedvaldomagalhaes.com.br\/index.php\/wp-json\/wp\/v2\/media?parent=128861"}],"wp:term":[{"taxonomy":"category","embeddable":true,"href":"https:\/\/blogdoedvaldomagalhaes.com.br\/index.php\/wp-json\/wp\/v2\/categories?post=128861"},{"taxonomy":"post_tag","embeddable":true,"href":"https:\/\/blogdoedvaldomagalhaes.com.br\/index.php\/wp-json\/wp\/v2\/tags?post=128861"}],"curies":[{"name":"wp","href":"https:\/\/api.w.org\/{rel}","templated":true}]}}