{"id":128859,"date":"2026-04-29T07:32:05","date_gmt":"2026-04-29T10:32:05","guid":{"rendered":"https:\/\/blogdoedvaldomagalhaes.com.br\/?p=128859"},"modified":"2026-04-29T07:32:05","modified_gmt":"2026-04-29T10:32:05","slug":"homem-e-morto-com-picareta-por-colega-de-trabalho-durante-bebedeira-dentro-de-casa","status":"publish","type":"post","link":"https:\/\/blogdoedvaldomagalhaes.com.br\/index.php\/2026\/04\/29\/homem-e-morto-com-picareta-por-colega-de-trabalho-durante-bebedeira-dentro-de-casa\/","title":{"rendered":"Homem \u00e9 morto com picareta por colega de trabalho, durante bebedeira dentro de casa"},"content":{"rendered":"<p>O segundo assassinato dessa ter\u00e7a-feira (28.04), em Caruaru, ocorreu no final da noite, no bairro Cidade Jardim. Edivanildo Ant\u00f4nio da Silva, de 34 anos, foi morto com golpes de picareta dentro de casa. O suspeito do crime \u00e9 Samuel da Silva Cavalcante Filho, de 29, colega de trabalho da v\u00edtima. Os dois tiveram um desentendimento durante bebedeira dentro da resid\u00eancia. O suspeito tentou fugir em uma moto, mas foi preso em flagrante.<\/p>\n<p>Esse foi o 7\u2022 homic\u00eddio neste m\u00eas de abril em Caruaru. Este ano, de janeiro at\u00e9 agora, mataram 39 pessoas no munic\u00edpio.\u00a0<br \/>Por Helenivaldo Pereira \u00a0 \u00a0<br \/>Siga o Instagram @portaledvaldomagalhaes e comente \u00a0\u00a0<br \/>Foto ilustrativa: Arquivo\u00a0<\/p>\n\n\n<p><\/p>\n","protected":false},"excerpt":{"rendered":"<p>O segundo assassinato dessa ter\u00e7a-feira (28.04), em Caruaru, ocorreu no final da noite, no bairro Cidade Jardim. Edivanildo Ant\u00f4nio da&hellip;<\/p>\n","protected":false},"author":1,"featured_media":14472,"comment_status":"closed","ping_status":"open","sticky":false,"template":"","format":"standard","meta":{"footnotes":""},"categories":[14121],"tags":[13146,3406,5448,34634],"class_list":["post-128859","post","type-post","status-publish","format-standard","has-post-thumbnail","hentry","category-policial","tag-blog-edvaldo-magalhaes","tag-caruaru","tag-homicidio","tag-portal-edvaldo-magalhaes"],"_links":{"self":[{"href":"https:\/\/blogdoedvaldomagalhaes.com.br\/index.php\/wp-json\/wp\/v2\/posts\/128859","targetHints":{"allow":["GET"]}}],"collection":[{"href":"https:\/\/blogdoedvaldomagalhaes.com.br\/index.php\/wp-json\/wp\/v2\/posts"}],"about":[{"href":"https:\/\/blogdoedvaldomagalhaes.com.br\/index.php\/wp-json\/wp\/v2\/types\/post"}],"author":[{"embeddable":true,"href":"https:\/\/blogdoedvaldomagalhaes.com.br\/index.php\/wp-json\/wp\/v2\/users\/1"}],"replies":[{"embeddable":true,"href":"https:\/\/blogdoedvaldomagalhaes.com.br\/index.php\/wp-json\/wp\/v2\/comments?post=128859"}],"version-history":[{"count":1,"href":"https:\/\/blogdoedvaldomagalhaes.com.br\/index.php\/wp-json\/wp\/v2\/posts\/128859\/revisions"}],"predecessor-version":[{"id":128860,"href":"https:\/\/blogdoedvaldomagalhaes.com.br\/index.php\/wp-json\/wp\/v2\/posts\/128859\/revisions\/128860"}],"wp:featuredmedia":[{"embeddable":true,"href":"https:\/\/blogdoedvaldomagalhaes.com.br\/index.php\/wp-json\/wp\/v2\/media\/14472"}],"wp:attachment":[{"href":"https:\/\/blogdoedvaldomagalhaes.com.br\/index.php\/wp-json\/wp\/v2\/media?parent=128859"}],"wp:term":[{"taxonomy":"category","embeddable":true,"href":"https:\/\/blogdoedvaldomagalhaes.com.br\/index.php\/wp-json\/wp\/v2\/categories?post=128859"},{"taxonomy":"post_tag","embeddable":true,"href":"https:\/\/blogdoedvaldomagalhaes.com.br\/index.php\/wp-json\/wp\/v2\/tags?post=128859"}],"curies":[{"name":"wp","href":"https:\/\/api.w.org\/{rel}","templated":true}]}}