{"id":128856,"date":"2026-04-28T21:01:51","date_gmt":"2026-04-29T00:01:51","guid":{"rendered":"https:\/\/blogdoedvaldomagalhaes.com.br\/?p=128856"},"modified":"2026-04-28T21:01:51","modified_gmt":"2026-04-29T00:01:51","slug":"confira-a-programacao-do-festival-nacional-de-jericos-de-panelas-que-comeca-nesta-quinta-30","status":"publish","type":"post","link":"https:\/\/blogdoedvaldomagalhaes.com.br\/index.php\/2026\/04\/28\/confira-a-programacao-do-festival-nacional-de-jericos-de-panelas-que-comeca-nesta-quinta-30\/","title":{"rendered":"Confira a programa\u00e7\u00e3o do Festival Nacional de Jericos de Panelas, que come\u00e7a nesta quinta (30)"},"content":{"rendered":"<p><span style=\"font-size: revert;\">Mais de 80 atra\u00e7\u00f5es se apresentam no evento. Entre os destaques est\u00e3o: Xand Avi\u00e3o, Tarc\u00edsio do Acordeon, Mastruz Com Leite, Aldair Playboy, Assis\u00e3o, Caju e Catanha, Lipe Lucena, Sirano e Sirino dentre outros<\/span><\/p>\n<p>A cidade de Panelas no agreste pernambucano \u00e9 palco de um dos maiores eventos folcl\u00f3rico-cultural do Nordeste, o Festival Nacional de Jericos. Em 2026, a festa chega a 52\u00aa edi\u00e7\u00e3o e acontece de 30 de abril \u00e0 03 de maio. Ser\u00e3o mais de 100 mil reais em pr\u00eamios e aproximadamente 80 atra\u00e7\u00f5es musicais e culturais se apresentar\u00e3o nos diversos polos montados na cidade. Criado por um grupo de alunos, em 1973, com o objetivo de chamar a aten\u00e7\u00e3o das autoridades, para a matan\u00e7a indiscriminada do animal, que tinha sua carne usada na produ\u00e7\u00e3o de charque e o risco de extin\u00e7\u00e3o da esp\u00e9cie, o evento hoje \u00e9 destaque no calend\u00e1rio tur\u00edstico do Nordeste e do Brasil. Segundo os organizadores o Festival Nacional de Jericos movimenta mais de 10 milh\u00f5es de reais em neg\u00f3cios e durante os dias do evento Panelas recebe mais de 150 mil pessoas.<\/p>\n<p>Confira Programa\u00e7\u00e3o completa:<\/p>\n<p>52\u00b0 FESTIVAL NACIONAL DE JERICOS &#8211; PANELAS &#8211; PE<\/p>\n<p>QUINTA-FEIRA, 30 DE ABRIL<\/p>\n<p>15h: Abertura &#8211; Corrida Esquenta Casco.<br \/>\n17h: Concentra\u00e7\u00e3o Bloco Me Leva &#8211; Andr\u00e9 Marreta.<br \/>\n18h: Premia\u00e7\u00e3o (Palco Principal).<br \/>\n19h: Apresenta\u00e7\u00f5es Culturais (Palco do Jeric\u00f3dromo):<br \/>\nBanda Mariano de Assis (30 min).<br \/>\nRaio de Sol (15 min).<br \/>\nExpress\u00e3o Cultural (15 min).<br \/>\nEncanto Kids (15 min).<br \/>\n20h: Desfile do Bloco Me Leva pelas principais ruas da cidade.<br \/>\n22h: Aldair Playboy (Palco Principal).<br \/>\n00h: Ricardo Lima (Palco Principal).<\/p>\n<p>SEXTA-FEIRA, 01 DE MAIO<\/p>\n<p>06h: Gir\u00e2ndola.<br \/>\n06h: Alvorada com a Banda Musical Mariano de Assis.<br \/>\n06h: Mungunz\u00e1 do Turista (Participa\u00e7\u00e3o: Orquestra da Banda Musical Mariano de Assis e Forr\u00f3 Regional &#8220;O Encontro&#8221;).<br \/>\n08h: Celebra\u00e7\u00e3o da Santa Missa em A\u00e7\u00e3o de Gra\u00e7as ao Trabalhador (Celebrante: Pe. Ala\u00e9rcio).<br \/>\nLocal: Igreja Matriz do Bom Jesus dos Rem\u00e9dios.<br \/>\n09h: Shows Folcl\u00f3ricos (Banda de P\u00edfanos, Maracatu, Bacamarteiros, Bonecos Pernas de Pau, Palha\u00e7os, Mazurca, Grupos de Capoeira).<br \/>\n09:30h: Concurso Jerico Fantasiado.<br \/>\n07h \u00e0s 17h: Show nos diversos polos culturais com mais de 50 artistas panelenses (Abrigo, Rua Compartilhada, Sindicato, Alternativo e Bica).<br \/>\n10h: Polo Alternativo &#8211; Caju e Castanha.<br \/>\n10h: Polo Bica da Serra &#8211; Assis\u00e3o.<br \/>\nShows no Palco Principal:<br \/>\n12:30h: Nordestinos do Forr\u00f3.<br \/>\n14h: Daniel Gouveia.<br \/>\n16h: Dany Miller.<br \/>\n15h: In\u00edcio da Tradicional Corrida de Jericos.<br \/>\n18h: Premia\u00e7\u00e3o (Local: Palco do Jeric\u00f3dromo).<\/p>\n<p>Shows Noturnos (Palco Principal):<br \/>\n18h: Xand Avi\u00e3o.<br \/>\n20:30h: PV Calado.<br \/>\n22h: Lipe Lucena.<br \/>\n00h: Vumbora.<\/p>\n<p>S\u00c1BADO, 02 DE MAIO<\/p>\n<p>14h: Grupo de pagode Nuwe (Local: Bica).<br \/>\n16h: 2\u00ba Desafio Jeric\u00e3o Sem Freio (Inscri\u00e7\u00f5es no link do perfil oficial @jericao_amigoedinho).<br \/>\nShows no Palco Principal:<br \/>\n19h: Cleomam.<br \/>\n22h: Mastruz Com Leite.<br \/>\n00h: Mauricio Ramalho.<\/p>\n<p>DOMINGO, 03 DE MAIO<\/p>\n<p>Cavalgada Luiz Gonzaga \/ Missa do Vaqueiro<br \/>\n08h: Concentra\u00e7\u00e3o dos Cavaleiros e Amazonas (Local: Rancho Portugal &#8211; Amigo Naldinho Portugal).<br \/>\nShow com Grupo Trio Ra\u00edzes P\u00e9 de Serra e Romero Aboiado.<br \/>\nAdriano Esticado no Trio El\u00e9trico (Puxando a Missa).<br \/>\n10h: Ben\u00e7\u00e3o para os Vaqueiros e Homenagem especial a Luiz Gonzaga (Celebrante: Pe. Ala\u00e9rcio).<br \/>\n11h: Premia\u00e7\u00e3o\/Sorteio (Palco Principal).<br \/>\n12h: Almo\u00e7o para cavaleiros e amazonas na &#8220;Sociedade Esportiva Panelense&#8221;.<br \/>\n12h: Apresenta\u00e7\u00e3o Poeta Oliveira de Panelas.<br \/>\n13h: Sirano e Sirino.<br \/>\n15h: Vitor Vaqueiro.<br \/>\n16h: Tarc\u00edsio do Acordeon.<br \/>\nSiga o Instagram @portaledvaldomagalhaes<br \/>\nFoto: Divulga\u00e7\u00e3o<\/p>\n","protected":false},"excerpt":{"rendered":"<p>Mais de 80 atra\u00e7\u00f5es se apresentam no evento. Entre os destaques est\u00e3o: Xand Avi\u00e3o, Tarc\u00edsio do Acordeon, Mastruz Com Leite,&hellip;<\/p>\n","protected":false},"author":1,"featured_media":128857,"comment_status":"closed","ping_status":"open","sticky":false,"template":"","format":"standard","meta":{"footnotes":""},"categories":[14120],"tags":[13146,36396,34634],"class_list":["post-128856","post","type-post","status-publish","format-standard","has-post-thumbnail","hentry","category-noticias","tag-blog-edvaldo-magalhaes","tag-corrida-nacional-de-jericos-de-panelas","tag-portal-edvaldo-magalhaes"],"_links":{"self":[{"href":"https:\/\/blogdoedvaldomagalhaes.com.br\/index.php\/wp-json\/wp\/v2\/posts\/128856","targetHints":{"allow":["GET"]}}],"collection":[{"href":"https:\/\/blogdoedvaldomagalhaes.com.br\/index.php\/wp-json\/wp\/v2\/posts"}],"about":[{"href":"https:\/\/blogdoedvaldomagalhaes.com.br\/index.php\/wp-json\/wp\/v2\/types\/post"}],"author":[{"embeddable":true,"href":"https:\/\/blogdoedvaldomagalhaes.com.br\/index.php\/wp-json\/wp\/v2\/users\/1"}],"replies":[{"embeddable":true,"href":"https:\/\/blogdoedvaldomagalhaes.com.br\/index.php\/wp-json\/wp\/v2\/comments?post=128856"}],"version-history":[{"count":1,"href":"https:\/\/blogdoedvaldomagalhaes.com.br\/index.php\/wp-json\/wp\/v2\/posts\/128856\/revisions"}],"predecessor-version":[{"id":128858,"href":"https:\/\/blogdoedvaldomagalhaes.com.br\/index.php\/wp-json\/wp\/v2\/posts\/128856\/revisions\/128858"}],"wp:featuredmedia":[{"embeddable":true,"href":"https:\/\/blogdoedvaldomagalhaes.com.br\/index.php\/wp-json\/wp\/v2\/media\/128857"}],"wp:attachment":[{"href":"https:\/\/blogdoedvaldomagalhaes.com.br\/index.php\/wp-json\/wp\/v2\/media?parent=128856"}],"wp:term":[{"taxonomy":"category","embeddable":true,"href":"https:\/\/blogdoedvaldomagalhaes.com.br\/index.php\/wp-json\/wp\/v2\/categories?post=128856"},{"taxonomy":"post_tag","embeddable":true,"href":"https:\/\/blogdoedvaldomagalhaes.com.br\/index.php\/wp-json\/wp\/v2\/tags?post=128856"}],"curies":[{"name":"wp","href":"https:\/\/api.w.org\/{rel}","templated":true}]}}