{"id":128853,"date":"2026-04-28T20:53:45","date_gmt":"2026-04-28T23:53:45","guid":{"rendered":"https:\/\/blogdoedvaldomagalhaes.com.br\/?p=128853"},"modified":"2026-04-28T20:53:45","modified_gmt":"2026-04-28T23:53:45","slug":"festival-agreste-aceso-estreia-em-caruaru-com-programacao-de-shows-gratuitos-a-partir-de-sexta-feira-1o","status":"publish","type":"post","link":"https:\/\/blogdoedvaldomagalhaes.com.br\/index.php\/2026\/04\/28\/festival-agreste-aceso-estreia-em-caruaru-com-programacao-de-shows-gratuitos-a-partir-de-sexta-feira-1o\/","title":{"rendered":"Festival Agreste Aceso estreia em Caruaru com programa\u00e7\u00e3o de shows gratuitos a partir de sexta-feira (1\u00ba)"},"content":{"rendered":"<p><span style=\"font-size: revert;\">Caruaru recebe, a partir desta sexta-feira (1\u00ba), a primeira edi\u00e7\u00e3o do Festival Agreste Aceso, que leva ao centro da cidade dois dias de shows gratuitos em celebra\u00e7\u00e3o \u00e0 can\u00e7\u00e3o autoral agrestina. Com entrada gratuita, o evento re\u00fane oito artistas da regi\u00e3o na Rua Ant\u00f4nio Sat\u00fa, nas proximidades do bar Metal Beer.<\/span><\/p>\n<p>A abertura ter\u00e1 in\u00edcio \u00e0s 19h, com shows de Adonay (Caruaru), Virgulados (Belo Jardim), Luanda Lu\u00e1 (Surubim) e Gabi da Pele Preta (Caruaru). No s\u00e1bado (2), a programa\u00e7\u00e3o ter\u00e1 continuidade, tamb\u00e9m a partir das 19h, com shows de Mozart Oliveira (Gravat\u00e1), Z\u00e9 Barreto de Assis (Bezerros), Vit\u00f3ria do Pife (Caruaru) e Bella Kahun (Garanhuns).<\/p>\n<p>Al\u00e9m das apresenta\u00e7\u00f5es culturais, o festival contar\u00e1 com uma feira criativa, reunindo empreendedores independentes dos segmentos de moda, artes visuais, m\u00fasica, gastronomia e tabacaria, fortalecendo o circuito cultural e econ\u00f4mico local.<\/p>\n<p>No fim de semana, o festival tamb\u00e9m conclui seu cronograma de atividades formativas, com a\u00e7\u00f5es na Casa Cultural Respira. No s\u00e1bado (2), \u00e0s 9h, ser\u00e1 realizada a roda de conversa \u201cA coletividade no fazer art\u00edstico &#8211; Caminhos e impactos\u201d, com os artistas Everson Melo, Gabi da Pele Preta e Vit\u00f3ria do Pife. No domingo (3), \u00e0s 14h, o idealizador do festival, Gael Vila Nova, ministra a oficina \u201cLan\u00e7amento musical no cen\u00e1rio independente\u201d. As inscri\u00e7\u00f5es est\u00e3o abertas de forma gratuita pela plataforma Sympla.<\/p>\n<p>O Festival Agreste Aceso \u00e9 realizado atrav\u00e9s de incentivo da Secretaria de Cultura de Pernambuco e Fundarpe, atrav\u00e9s do 8\u00ba Edital do Programa de Fomento \u00e0 Produ\u00e7\u00e3o em M\u00fasica de Pernambuco &#8211; Funcultura 2023\/2024.<\/p>\n<p>Confira a programa\u00e7\u00e3o completa:<\/p>\n<p>Shows<\/p>\n<p>Sexta-feira (1\u00ba de maio)<\/p>\n<p>19h30: Adonay (Caruaru)<br \/>\n20h40: Virgulados (Belo Jardim)<br \/>\n21h50: Luanda Lu\u00e1 (Surubim)<br \/>\n23h: Gabi da Pele Preta (Caruaru)<\/p>\n<p>_Feira criativa a partir das 19h_<\/p>\n<p>S\u00e1bado (2 de maio)<\/p>\n<p>19h30: Mozart Oliveira (Gravat\u00e1)<br \/>\n20h40: Z\u00e9 Barreto de Assis (Bezerros)<br \/>\n21h50: Vit\u00f3ria do Pife (Caruaru)<br \/>\n23h: Bella Kahun (Garanhuns)<\/p>\n<p>_Feira criativa a partir das 19h_<\/p>\n<p>Programa\u00e7\u00e3o formativa<\/p>\n<p>S\u00e1bado (2 de maio)<\/p>\n<p>_Roda de Conversa: A coletividade no fazer art\u00edstico &#8211; Caminhos e impactos_<\/p>\n<p>Participantes: Everson Melo, Gabi da Pele Preta e Vit\u00f3ria do Pife<br \/>\nHor\u00e1rio: 9h<br \/>\nLocal: Casa Cultural Respira<br \/>\nInscri\u00e7\u00f5es: https:\/\/www.sympla.com.br\/evento\/roda-de-conversa-pontes-de-conexao-o-coletivo-e-o-digital-como-caminhos-para-a-musica-do-agreste\/3397809<\/p>\n<p>Domingo (3 de maio)<\/p>\n<p>_Oficina: Lan\u00e7amento musical no cen\u00e1rio independente_<\/p>\n<p>Oficineiro: Gael Vila Nova<br \/>\nHor\u00e1rio: 14h<br \/>\nLocal: Casa Cultural Respira<br \/>\nInscri\u00e7\u00f5es: https:\/\/www.sympla.com.br\/evento\/oficina-lancamento-musical-no-cenario-independente\/3397827.<br \/>\nSiga o Instagram @portaledvaldomagalhaes<br \/>\nFoto: Divulga\u00e7\u00e3o<\/p>\n","protected":false},"excerpt":{"rendered":"<p>Caruaru recebe, a partir desta sexta-feira (1\u00ba), a primeira edi\u00e7\u00e3o do Festival Agreste Aceso, que leva ao centro da cidade&hellip;<\/p>\n","protected":false},"author":1,"featured_media":128854,"comment_status":"closed","ping_status":"open","sticky":false,"template":"","format":"standard","meta":{"footnotes":""},"categories":[14120],"tags":[13146,36395,34634],"class_list":["post-128853","post","type-post","status-publish","format-standard","has-post-thumbnail","hentry","category-noticias","tag-blog-edvaldo-magalhaes","tag-festival-agreste-aceso-estreia-em-caruaru","tag-portal-edvaldo-magalhaes"],"_links":{"self":[{"href":"https:\/\/blogdoedvaldomagalhaes.com.br\/index.php\/wp-json\/wp\/v2\/posts\/128853","targetHints":{"allow":["GET"]}}],"collection":[{"href":"https:\/\/blogdoedvaldomagalhaes.com.br\/index.php\/wp-json\/wp\/v2\/posts"}],"about":[{"href":"https:\/\/blogdoedvaldomagalhaes.com.br\/index.php\/wp-json\/wp\/v2\/types\/post"}],"author":[{"embeddable":true,"href":"https:\/\/blogdoedvaldomagalhaes.com.br\/index.php\/wp-json\/wp\/v2\/users\/1"}],"replies":[{"embeddable":true,"href":"https:\/\/blogdoedvaldomagalhaes.com.br\/index.php\/wp-json\/wp\/v2\/comments?post=128853"}],"version-history":[{"count":1,"href":"https:\/\/blogdoedvaldomagalhaes.com.br\/index.php\/wp-json\/wp\/v2\/posts\/128853\/revisions"}],"predecessor-version":[{"id":128855,"href":"https:\/\/blogdoedvaldomagalhaes.com.br\/index.php\/wp-json\/wp\/v2\/posts\/128853\/revisions\/128855"}],"wp:featuredmedia":[{"embeddable":true,"href":"https:\/\/blogdoedvaldomagalhaes.com.br\/index.php\/wp-json\/wp\/v2\/media\/128854"}],"wp:attachment":[{"href":"https:\/\/blogdoedvaldomagalhaes.com.br\/index.php\/wp-json\/wp\/v2\/media?parent=128853"}],"wp:term":[{"taxonomy":"category","embeddable":true,"href":"https:\/\/blogdoedvaldomagalhaes.com.br\/index.php\/wp-json\/wp\/v2\/categories?post=128853"},{"taxonomy":"post_tag","embeddable":true,"href":"https:\/\/blogdoedvaldomagalhaes.com.br\/index.php\/wp-json\/wp\/v2\/tags?post=128853"}],"curies":[{"name":"wp","href":"https:\/\/api.w.org\/{rel}","templated":true}]}}