{"id":128850,"date":"2026-04-28T20:43:06","date_gmt":"2026-04-28T23:43:06","guid":{"rendered":"https:\/\/blogdoedvaldomagalhaes.com.br\/?p=128850"},"modified":"2026-04-28T20:43:06","modified_gmt":"2026-04-28T23:43:06","slug":"dia-do-trabalhador-sera-comemorado-no-sesc-caruaru-confira","status":"publish","type":"post","link":"https:\/\/blogdoedvaldomagalhaes.com.br\/index.php\/2026\/04\/28\/dia-do-trabalhador-sera-comemorado-no-sesc-caruaru-confira\/","title":{"rendered":"Dia do Trabalhador ser\u00e1 comemorado no Sesc Caruaru; Confira"},"content":{"rendered":"<p><span style=\"font-size: revert;\">Nesta sexta-feira (1\u00ba\/05), ser\u00e3o realizadas diversas atividades recreativas, do Litoral ao Sert\u00e3o. Uma forma de reverenciar a import\u00e2ncia daqueles que se dedicam, diariamente, aos seus trabalhos, t\u00e3o essenciais para o desenvolvimento do pa\u00eds.<\/span><\/p>\n<p>\u201cEssa \u00e9 uma data fundamental para o Sesc porque \u00e9 dedicada ao nosso principal p\u00fablico, que \u00e9 o trabalhador. Ent\u00e3o, nos comprometemos a promover em nossas unidades um dia para que eles se sintam valorizados e possam aproveitar em fam\u00edlia\u201d, diz Bernardo Peixoto, presidente do Sistema Fecom\u00e9rcio\/Sesc\/Senac PE.<\/p>\n<p>Em Caruaru, a divers\u00e3o come\u00e7a \u00e0s 9h, com banho de piscina, recrea\u00e7\u00e3o aqu\u00e1tica, hidrorecreativa, desafios, amistoso de futebol society, festival de jogos infl\u00e1veis e m\u00fasica com o grupo Imaginar, de samba e pagode. Os ingressos v\u00e3o custar de R$ 22. Os trabalhadores do com\u00e9rcio e seus dependentes, em dia com a Credencial Sesc, t\u00eam desconto e pagam R$ 11. Informa\u00e7\u00f5es: (81) 3721-3967 (Whatsapp).<\/p>\n<p>Siga o Instagram @portaledvaldomagalhaes<br \/>\nFoto: Divulga\u00e7\u00e3o<\/p>\n","protected":false},"excerpt":{"rendered":"<p>Nesta sexta-feira (1\u00ba\/05), ser\u00e3o realizadas diversas atividades recreativas, do Litoral ao Sert\u00e3o. Uma forma de reverenciar a import\u00e2ncia daqueles que&hellip;<\/p>\n","protected":false},"author":1,"featured_media":128851,"comment_status":"closed","ping_status":"open","sticky":false,"template":"","format":"standard","meta":{"footnotes":""},"categories":[14120],"tags":[13146,36394,34634,1322],"class_list":["post-128850","post","type-post","status-publish","format-standard","has-post-thumbnail","hentry","category-noticias","tag-blog-edvaldo-magalhaes","tag-dia-do-trabalhador","tag-portal-edvaldo-magalhaes","tag-sesc-caruaru"],"_links":{"self":[{"href":"https:\/\/blogdoedvaldomagalhaes.com.br\/index.php\/wp-json\/wp\/v2\/posts\/128850","targetHints":{"allow":["GET"]}}],"collection":[{"href":"https:\/\/blogdoedvaldomagalhaes.com.br\/index.php\/wp-json\/wp\/v2\/posts"}],"about":[{"href":"https:\/\/blogdoedvaldomagalhaes.com.br\/index.php\/wp-json\/wp\/v2\/types\/post"}],"author":[{"embeddable":true,"href":"https:\/\/blogdoedvaldomagalhaes.com.br\/index.php\/wp-json\/wp\/v2\/users\/1"}],"replies":[{"embeddable":true,"href":"https:\/\/blogdoedvaldomagalhaes.com.br\/index.php\/wp-json\/wp\/v2\/comments?post=128850"}],"version-history":[{"count":1,"href":"https:\/\/blogdoedvaldomagalhaes.com.br\/index.php\/wp-json\/wp\/v2\/posts\/128850\/revisions"}],"predecessor-version":[{"id":128852,"href":"https:\/\/blogdoedvaldomagalhaes.com.br\/index.php\/wp-json\/wp\/v2\/posts\/128850\/revisions\/128852"}],"wp:featuredmedia":[{"embeddable":true,"href":"https:\/\/blogdoedvaldomagalhaes.com.br\/index.php\/wp-json\/wp\/v2\/media\/128851"}],"wp:attachment":[{"href":"https:\/\/blogdoedvaldomagalhaes.com.br\/index.php\/wp-json\/wp\/v2\/media?parent=128850"}],"wp:term":[{"taxonomy":"category","embeddable":true,"href":"https:\/\/blogdoedvaldomagalhaes.com.br\/index.php\/wp-json\/wp\/v2\/categories?post=128850"},{"taxonomy":"post_tag","embeddable":true,"href":"https:\/\/blogdoedvaldomagalhaes.com.br\/index.php\/wp-json\/wp\/v2\/tags?post=128850"}],"curies":[{"name":"wp","href":"https:\/\/api.w.org\/{rel}","templated":true}]}}