{"id":128846,"date":"2026-04-28T19:39:11","date_gmt":"2026-04-28T22:39:11","guid":{"rendered":"https:\/\/blogdoedvaldomagalhaes.com.br\/?p=128846"},"modified":"2026-04-28T19:46:15","modified_gmt":"2026-04-28T22:46:15","slug":"veja-como-sera-o-funcionamento-da-comercio-e-feira-da-moda-de-caruaru-no-feriado-de-1o-de-maio","status":"publish","type":"post","link":"https:\/\/blogdoedvaldomagalhaes.com.br\/index.php\/2026\/04\/28\/veja-como-sera-o-funcionamento-da-comercio-e-feira-da-moda-de-caruaru-no-feriado-de-1o-de-maio\/","title":{"rendered":"Veja como ser\u00e1 o funcionamento da com\u00e9rcio e Feira da Moda de Caruaru no feriado de 1\u00ba de maio"},"content":{"rendered":"<p><span style=\"font-size: revert;\">A Feira da Moda de Caruaru ir\u00e1 funcionar normalmente nesta semana. Na quinta-feira (30.04), ser\u00e1 das 09h da manh\u00e3 at\u00e9 \u00e0s 22h, e na sexta-feira (1\u2022.05), vai acontecer entre \u00e0s 04 da madrugada e 13h.<\/span><\/p>\n<p><span style=\"font-size: revert;\">O Sindicato dos Lojistas do Com\u00e9rcio de Caruaru (Sindloja) informa que as lojas situadas no Parque 18 de Maio poder\u00e3o praticar jornada de trabalho no feriado do Dia do Trabalhador, que coincidir\u00e1 com o funcionamento da tradicional Feira da Moda. A decis\u00e3o foi tomada em nota t\u00e9cnica assinada em acordo entre o Sindloja e o Sindicato dos Empregados no Com\u00e9rcio de Caruaru (Sindecc), com o entendimento de garantir o equil\u00edbrio entre a atividade econ\u00f4mica e a prote\u00e7\u00e3o dos direitos trabalhistas.<\/span><\/p>\n<p>A jornada de trabalho para as empresas estabelecidas no Parque 18 de Maio ocorrer\u00e1 exclusivamente no mesmo hor\u00e1rio autorizado para funcionamento da Feira da Moda, das 4h \u00e0s 13h, mediante cumprimento integral das condi\u00e7\u00f5es previstas na Conven\u00e7\u00e3o Coletiva de Trabalho (CCT) 2025\/2026.<\/p>\n<p>Entre as normas previstas est\u00e3o o pagamento de ajuda de custo no valor de R$ 75 por empregado convocado; a concess\u00e3o de uma folga compensat\u00f3ria, a ser usufru\u00edda em at\u00e9 30 dias ap\u00f3s o feriado; o fornecimento do vale-transporte correspondente ao dia trabalhado, quando devido; e a concess\u00e3o de intervalo intrajornada para repouso e alimenta\u00e7\u00e3o, caso a jornada ultrapasse o limite legal (caso a empresa conceda apenas uma hora de intervalo, dever\u00e1 custear a alimenta\u00e7\u00e3o do empregado convocado).<\/p>\n<p>As empresas interessadas dever\u00e3o encaminhar ao Sindloja, por meio da plataforma E-Sind, at\u00e9 esta quarta-feira, 29 de abril, o comunicado formal contendo a lista dos empregados convocados, respectivos hor\u00e1rios de trabalho e datas das folgas compensat\u00f3rias.<\/p>\n<p>Ressalta-se que a presente autoriza\u00e7\u00e3o possui car\u00e1ter excepcional, espec\u00edfico e restrito \u00e0s empresas estabelecidas no Parque 18 de Maio (Ruas S\u00e3o Sebasti\u00e3o, Luiz Paes, Limeira Rosal, Lourival Jos\u00e9 da Silva, Greg\u00f3rio de Matos, Capit\u00e3o Zez\u00e9, Samuel Campelo, Paulino C\u00e2mara, Alzira Vidal, Miguel de Sena, Jo\u00e3o de Barros, Azevedo Coutinho, Raul Leone Boa Ventura, Capit\u00e3o Lima dos Reis), em raz\u00e3o do funcionamento da Feira da Moda de Caruaru, n\u00e3o se estendendo automaticamente a outras empresas, bairros ou localidades.<\/p>\n<p>Sobre a jornada no com\u00e9rcio tradicional e centros de compras<\/p>\n<p>O Sindloja Caruaru informa que as lojas do com\u00e9rcio tradicional n\u00e3o poder\u00e3o praticar jornada de trabalho no dia 1\u00b0 de maio. J\u00e1 as empresas estabelecidas em centros comerciais de vendas (shoppings, Polo Caruaru, F\u00e1brica da Moda e outros), que desejarem funcionar no feriado de 1\u00b0 de maio, dever\u00e3o realizar a solicita\u00e7\u00e3o de autoriza\u00e7\u00e3o de funcionamento por meio da plataforma E-Sind. A solicita\u00e7\u00e3o deve cumprir o prazo de cinco dias de anteced\u00eancia ao feriado para empresas n\u00e3o associadas e dois dias de anteced\u00eancia para associados.<br \/>\nSiga o Instagram @portaledvaldomagalhaes.<br \/>\nFoto: Reprodu\u00e7\u00e3o<\/p>\n","protected":false},"excerpt":{"rendered":"<p>A Feira da Moda de Caruaru ir\u00e1 funcionar normalmente nesta semana. Na quinta-feira (30.04), ser\u00e1 das 09h da manh\u00e3 at\u00e9&hellip;<\/p>\n","protected":false},"author":1,"featured_media":15009,"comment_status":"closed","ping_status":"open","sticky":false,"template":"","format":"standard","meta":{"footnotes":""},"categories":[14120],"tags":[13146,3406,18825,36393,4776,34634],"class_list":["post-128846","post","type-post","status-publish","format-standard","has-post-thumbnail","hentry","category-noticias","tag-blog-edvaldo-magalhaes","tag-caruaru","tag-comercio","tag-feira-da-moda","tag-feira-da-sulanca","tag-portal-edvaldo-magalhaes"],"_links":{"self":[{"href":"https:\/\/blogdoedvaldomagalhaes.com.br\/index.php\/wp-json\/wp\/v2\/posts\/128846","targetHints":{"allow":["GET"]}}],"collection":[{"href":"https:\/\/blogdoedvaldomagalhaes.com.br\/index.php\/wp-json\/wp\/v2\/posts"}],"about":[{"href":"https:\/\/blogdoedvaldomagalhaes.com.br\/index.php\/wp-json\/wp\/v2\/types\/post"}],"author":[{"embeddable":true,"href":"https:\/\/blogdoedvaldomagalhaes.com.br\/index.php\/wp-json\/wp\/v2\/users\/1"}],"replies":[{"embeddable":true,"href":"https:\/\/blogdoedvaldomagalhaes.com.br\/index.php\/wp-json\/wp\/v2\/comments?post=128846"}],"version-history":[{"count":3,"href":"https:\/\/blogdoedvaldomagalhaes.com.br\/index.php\/wp-json\/wp\/v2\/posts\/128846\/revisions"}],"predecessor-version":[{"id":128849,"href":"https:\/\/blogdoedvaldomagalhaes.com.br\/index.php\/wp-json\/wp\/v2\/posts\/128846\/revisions\/128849"}],"wp:featuredmedia":[{"embeddable":true,"href":"https:\/\/blogdoedvaldomagalhaes.com.br\/index.php\/wp-json\/wp\/v2\/media\/15009"}],"wp:attachment":[{"href":"https:\/\/blogdoedvaldomagalhaes.com.br\/index.php\/wp-json\/wp\/v2\/media?parent=128846"}],"wp:term":[{"taxonomy":"category","embeddable":true,"href":"https:\/\/blogdoedvaldomagalhaes.com.br\/index.php\/wp-json\/wp\/v2\/categories?post=128846"},{"taxonomy":"post_tag","embeddable":true,"href":"https:\/\/blogdoedvaldomagalhaes.com.br\/index.php\/wp-json\/wp\/v2\/tags?post=128846"}],"curies":[{"name":"wp","href":"https:\/\/api.w.org\/{rel}","templated":true}]}}