{"id":128843,"date":"2026-04-28T17:10:16","date_gmt":"2026-04-28T20:10:16","guid":{"rendered":"https:\/\/blogdoedvaldomagalhaes.com.br\/?p=128843"},"modified":"2026-04-28T17:10:16","modified_gmt":"2026-04-28T20:10:16","slug":"jorge-quintino-pede-inclusao-da-semana-do-hip-hop-no-calendario-oficial-de-caruaru","status":"publish","type":"post","link":"https:\/\/blogdoedvaldomagalhaes.com.br\/index.php\/2026\/04\/28\/jorge-quintino-pede-inclusao-da-semana-do-hip-hop-no-calendario-oficial-de-caruaru\/","title":{"rendered":"Jorge Quintino pede inclus\u00e3o da Semana do Hip Hop no calend\u00e1rio oficial de Caruaru"},"content":{"rendered":"<p><span style=\"font-size: revert;\">O vereador Professor Jorge Quintino (PODE) apresentou requerimento na C\u00e2mara Municipal de Caruaru solicitando ao Poder Executivo a implementa\u00e7\u00e3o efetiva da lei que institui a Semana Municipal da Cultura do Hip Hop no munic\u00edpio.<\/span><\/p>\n<p>A proposta busca garantir o cumprimento da legisla\u00e7\u00e3o, que prev\u00ea a realiza\u00e7\u00e3o do evento no m\u00eas de novembro e sua inclus\u00e3o no calend\u00e1rio oficial da cidade, com foco na valoriza\u00e7\u00e3o, difus\u00e3o e desenvolvimento da cultura Hip Hop como ferramenta educacional, cultural e de inclus\u00e3o social.<\/p>\n<p>Apesar de estar em vigor h\u00e1 anos, o parlamentar aponta que a norma ainda n\u00e3o vem sendo executada de forma cont\u00ednua, o que compromete seus objetivos e limita o reconhecimento de um movimento cultural significativo, especialmente entre a juventude.<\/p>\n<p>O requerimento tamb\u00e9m ressalta o papel do Hip Hop na forma\u00e7\u00e3o social, incentivando a express\u00e3o art\u00edstica, a cidadania e a cria\u00e7\u00e3o de oportunidades, al\u00e9m de contribuir para o fortalecimento de pol\u00edticas p\u00fablicas voltadas \u00e0 cultura e \u00e0 inclus\u00e3o.<\/p>\n<p>\u201cA Semana Municipal do Hip Hop \u00e9 uma conquista importante para a cultura de Caruaru e precisa sair do papel. Estamos falando de um movimento que transforma vidas, especialmente de jovens, por meio da arte, da educa\u00e7\u00e3o e da inclus\u00e3o. Garantir essa pol\u00edtica p\u00fablica \u00e9 valorizar nossos artistas e fortalecer a cultura popular da cidade\u201d, afirmou Jorge Quintino.<\/p>\n<p>O projeto segue para a an\u00e1lise.<\/p>\n<p>Siga o Instagram @portaledvaldomagalhaes<br \/>Foto: Vict\u00f3ria Oliveira\u00a0<\/p>\n\n\n<p><\/p>\n","protected":false},"excerpt":{"rendered":"<p>O vereador Professor Jorge Quintino (PODE) apresentou requerimento na C\u00e2mara Municipal de Caruaru solicitando ao Poder Executivo a implementa\u00e7\u00e3o efetiva&hellip;<\/p>\n","protected":false},"author":1,"featured_media":128844,"comment_status":"closed","ping_status":"open","sticky":false,"template":"","format":"standard","meta":{"footnotes":""},"categories":[14122],"tags":[13146,20,34634],"class_list":["post-128843","post","type-post","status-publish","format-standard","has-post-thumbnail","hentry","category-politica","tag-blog-edvaldo-magalhaes","tag-politica","tag-portal-edvaldo-magalhaes"],"_links":{"self":[{"href":"https:\/\/blogdoedvaldomagalhaes.com.br\/index.php\/wp-json\/wp\/v2\/posts\/128843","targetHints":{"allow":["GET"]}}],"collection":[{"href":"https:\/\/blogdoedvaldomagalhaes.com.br\/index.php\/wp-json\/wp\/v2\/posts"}],"about":[{"href":"https:\/\/blogdoedvaldomagalhaes.com.br\/index.php\/wp-json\/wp\/v2\/types\/post"}],"author":[{"embeddable":true,"href":"https:\/\/blogdoedvaldomagalhaes.com.br\/index.php\/wp-json\/wp\/v2\/users\/1"}],"replies":[{"embeddable":true,"href":"https:\/\/blogdoedvaldomagalhaes.com.br\/index.php\/wp-json\/wp\/v2\/comments?post=128843"}],"version-history":[{"count":1,"href":"https:\/\/blogdoedvaldomagalhaes.com.br\/index.php\/wp-json\/wp\/v2\/posts\/128843\/revisions"}],"predecessor-version":[{"id":128845,"href":"https:\/\/blogdoedvaldomagalhaes.com.br\/index.php\/wp-json\/wp\/v2\/posts\/128843\/revisions\/128845"}],"wp:featuredmedia":[{"embeddable":true,"href":"https:\/\/blogdoedvaldomagalhaes.com.br\/index.php\/wp-json\/wp\/v2\/media\/128844"}],"wp:attachment":[{"href":"https:\/\/blogdoedvaldomagalhaes.com.br\/index.php\/wp-json\/wp\/v2\/media?parent=128843"}],"wp:term":[{"taxonomy":"category","embeddable":true,"href":"https:\/\/blogdoedvaldomagalhaes.com.br\/index.php\/wp-json\/wp\/v2\/categories?post=128843"},{"taxonomy":"post_tag","embeddable":true,"href":"https:\/\/blogdoedvaldomagalhaes.com.br\/index.php\/wp-json\/wp\/v2\/tags?post=128843"}],"curies":[{"name":"wp","href":"https:\/\/api.w.org\/{rel}","templated":true}]}}