{"id":128840,"date":"2026-04-28T16:48:14","date_gmt":"2026-04-28T19:48:14","guid":{"rendered":"https:\/\/blogdoedvaldomagalhaes.com.br\/?p=128840"},"modified":"2026-04-28T16:48:14","modified_gmt":"2026-04-28T19:48:14","slug":"mulher-e-assassinada-a-tiros-em-caruaru-3","status":"publish","type":"post","link":"https:\/\/blogdoedvaldomagalhaes.com.br\/index.php\/2026\/04\/28\/mulher-e-assassinada-a-tiros-em-caruaru-3\/","title":{"rendered":"Mulher \u00e9 assassinada a tiros em Caruaru"},"content":{"rendered":"<p>Uma mulher foi assassinada a tiros na 2\u2022 Travessa Alfredo Pinto, na Vila Teimosa, em Caruaru, nesta ter\u00e7a-feira (28.04). De acordo com a policia, a v\u00edtima Amanda Cristina Santos Menezes, de 41 anos, estava chegando em sua resid\u00eancia com o namorado, quando dois indiv\u00edduos em uma motocicleta efetuaram seis disparos de arma de fogo.<\/p>\n<p>Segundo informa\u00e7\u00f5es, Amanda havia sido detida h\u00e1 15 dias, por suspeita de tr\u00e1fico de drogas. O corpo ser\u00e1 encaminhado do IML de Caruaru.<\/p>\n<p>As autoridades policias j\u00e1 est\u00e3o cientes e as primeiras dilig\u00eancias foram iniciadas para coletar informa\u00e7\u00f5es sobre o crime. A \u00e1rea deve ser isolada para o trabalho da per\u00edcia e o corpo ser\u00e1 levado ao IML da cidade.<\/p>\n<p>\u200b#Caruaru #PlantaoPolicial #NoticiaUrgente #VilaTeimosa #Agreste Pernambuco Seguranca Homicidio<\/p>\n<p>Siga o Instagram @portaledvaldomagalhaes e comente<br \/>\nFoto:,Reprodu\u00e7\u00e3o\/Redes Sociais<\/p>\n","protected":false},"excerpt":{"rendered":"<p>Uma mulher foi assassinada a tiros na 2\u2022 Travessa Alfredo Pinto, na Vila Teimosa, em Caruaru, nesta ter\u00e7a-feira (28.04). De&hellip;<\/p>\n","protected":false},"author":1,"featured_media":128841,"comment_status":"closed","ping_status":"open","sticky":false,"template":"","format":"standard","meta":{"footnotes":""},"categories":[14121],"tags":[13146,5448,34634],"class_list":["post-128840","post","type-post","status-publish","format-standard","has-post-thumbnail","hentry","category-policial","tag-blog-edvaldo-magalhaes","tag-homicidio","tag-portal-edvaldo-magalhaes"],"_links":{"self":[{"href":"https:\/\/blogdoedvaldomagalhaes.com.br\/index.php\/wp-json\/wp\/v2\/posts\/128840","targetHints":{"allow":["GET"]}}],"collection":[{"href":"https:\/\/blogdoedvaldomagalhaes.com.br\/index.php\/wp-json\/wp\/v2\/posts"}],"about":[{"href":"https:\/\/blogdoedvaldomagalhaes.com.br\/index.php\/wp-json\/wp\/v2\/types\/post"}],"author":[{"embeddable":true,"href":"https:\/\/blogdoedvaldomagalhaes.com.br\/index.php\/wp-json\/wp\/v2\/users\/1"}],"replies":[{"embeddable":true,"href":"https:\/\/blogdoedvaldomagalhaes.com.br\/index.php\/wp-json\/wp\/v2\/comments?post=128840"}],"version-history":[{"count":1,"href":"https:\/\/blogdoedvaldomagalhaes.com.br\/index.php\/wp-json\/wp\/v2\/posts\/128840\/revisions"}],"predecessor-version":[{"id":128842,"href":"https:\/\/blogdoedvaldomagalhaes.com.br\/index.php\/wp-json\/wp\/v2\/posts\/128840\/revisions\/128842"}],"wp:featuredmedia":[{"embeddable":true,"href":"https:\/\/blogdoedvaldomagalhaes.com.br\/index.php\/wp-json\/wp\/v2\/media\/128841"}],"wp:attachment":[{"href":"https:\/\/blogdoedvaldomagalhaes.com.br\/index.php\/wp-json\/wp\/v2\/media?parent=128840"}],"wp:term":[{"taxonomy":"category","embeddable":true,"href":"https:\/\/blogdoedvaldomagalhaes.com.br\/index.php\/wp-json\/wp\/v2\/categories?post=128840"},{"taxonomy":"post_tag","embeddable":true,"href":"https:\/\/blogdoedvaldomagalhaes.com.br\/index.php\/wp-json\/wp\/v2\/tags?post=128840"}],"curies":[{"name":"wp","href":"https:\/\/api.w.org\/{rel}","templated":true}]}}