{"id":128837,"date":"2026-04-28T12:28:26","date_gmt":"2026-04-28T15:28:26","guid":{"rendered":"https:\/\/blogdoedvaldomagalhaes.com.br\/?p=128837"},"modified":"2026-04-28T12:28:26","modified_gmt":"2026-04-28T15:28:26","slug":"governo-do-estado-publica-edital-de-licitacao-da-duplicacao-da-br-232","status":"publish","type":"post","link":"https:\/\/blogdoedvaldomagalhaes.com.br\/index.php\/2026\/04\/28\/governo-do-estado-publica-edital-de-licitacao-da-duplicacao-da-br-232\/","title":{"rendered":"Governo do Estado publica edital de licita\u00e7\u00e3o da duplica\u00e7\u00e3o da BR-232"},"content":{"rendered":"<p><span style=\"font-size: revert;\">O Governo do Estado, por meio da Secretaria de Mobilidade e Infraestrutura (Semobi) e do Departamento de Estradas de Rodagem (DER), avan\u00e7ou em mais uma etapa importante da duplica\u00e7\u00e3o da BR-232. Com a aprova\u00e7\u00e3o do projeto executivo, j\u00e1 concedida pelo Governo Federal, por meio do Departamento Nacional de Infraestrutura de Transportes, (Dnit), a gest\u00e3o estadual publicou a licita\u00e7\u00e3o do trecho entre S\u00e3o Caetano e Belo Jardim, no Agreste pernambucano.<\/span><\/p>\n<p>O trecho contempla 28,8 quil\u00f4metros de extens\u00e3o, entre o km 149,10 e o km 177,90, e prev\u00ea a duplica\u00e7\u00e3o da rodovia, a recupera\u00e7\u00e3o do pavimento existente e a implanta\u00e7\u00e3o de melhorias estruturais voltadas \u00e0 seguran\u00e7a vi\u00e1ria e \u00e0 fluidez do tr\u00e1fego.<\/p>\n<p>O trecho autorizado integra o primeiro lote da duplica\u00e7\u00e3o da BR-232, que segue at\u00e9 o munic\u00edpio de Arcoverde.<\/p>\n<p>Com o edital publicado, haver\u00e1 a ampla concorr\u00eancia de empresas interessadas em tocar a obra. Uma vez escolhida, por meio de processo licitat\u00f3rio, a empresa ser\u00e1 contratada e iniciar\u00e1 os servi\u00e7os na rodovias. A expectativa \u00e9 que as interven\u00e7\u00f5es comecem ainda no primeiro semestre de 2026.<\/p>\n<p>Esse \u00e9 um dos trechos contemplados no projeto, que inclui ainda o segundo lote c o entre Arcoverde e Serra Talhada, dando continuidade \u00e0 amplia\u00e7\u00e3o de um dos principais eixos rodovi\u00e1rios de Pernambuco.<\/p>\n<p>\u201cVencemos mais uma etapa importante para duplica\u00e7\u00e3o da BR-232. Confirmando todas as etapas junto ao Dnit, agora o edital foi publicado e vivemos a expectativa do in\u00edcio das obras nos 60 dias. \u00c9 uma rodovia essencial para o desenvolvimento de todo o interior pernambucano. Vai ser um marco na hist\u00f3ria da infraestrutura de Pernambuco\u201d, disse o secret\u00e1rio da Semobi, Pedro Neves.<br \/>\nSiga o Instagram @portaledvaldomagalhaes.<br \/>\nFoto: Bruna Costa \/ Semobi<\/p>\n","protected":false},"excerpt":{"rendered":"<p>O Governo do Estado, por meio da Secretaria de Mobilidade e Infraestrutura (Semobi) e do Departamento de Estradas de Rodagem&hellip;<\/p>\n","protected":false},"author":1,"featured_media":128838,"comment_status":"closed","ping_status":"open","sticky":false,"template":"","format":"standard","meta":{"footnotes":""},"categories":[14120],"tags":[13146,36392,20,34634,1229],"class_list":["post-128837","post","type-post","status-publish","format-standard","has-post-thumbnail","hentry","category-noticias","tag-blog-edvaldo-magalhaes","tag-governo-do-estado-publica-edital-de-licitacao-da-duplicacao-da-br-232","tag-politica","tag-portal-edvaldo-magalhaes","tag-raquel-lyra"],"_links":{"self":[{"href":"https:\/\/blogdoedvaldomagalhaes.com.br\/index.php\/wp-json\/wp\/v2\/posts\/128837","targetHints":{"allow":["GET"]}}],"collection":[{"href":"https:\/\/blogdoedvaldomagalhaes.com.br\/index.php\/wp-json\/wp\/v2\/posts"}],"about":[{"href":"https:\/\/blogdoedvaldomagalhaes.com.br\/index.php\/wp-json\/wp\/v2\/types\/post"}],"author":[{"embeddable":true,"href":"https:\/\/blogdoedvaldomagalhaes.com.br\/index.php\/wp-json\/wp\/v2\/users\/1"}],"replies":[{"embeddable":true,"href":"https:\/\/blogdoedvaldomagalhaes.com.br\/index.php\/wp-json\/wp\/v2\/comments?post=128837"}],"version-history":[{"count":1,"href":"https:\/\/blogdoedvaldomagalhaes.com.br\/index.php\/wp-json\/wp\/v2\/posts\/128837\/revisions"}],"predecessor-version":[{"id":128839,"href":"https:\/\/blogdoedvaldomagalhaes.com.br\/index.php\/wp-json\/wp\/v2\/posts\/128837\/revisions\/128839"}],"wp:featuredmedia":[{"embeddable":true,"href":"https:\/\/blogdoedvaldomagalhaes.com.br\/index.php\/wp-json\/wp\/v2\/media\/128838"}],"wp:attachment":[{"href":"https:\/\/blogdoedvaldomagalhaes.com.br\/index.php\/wp-json\/wp\/v2\/media?parent=128837"}],"wp:term":[{"taxonomy":"category","embeddable":true,"href":"https:\/\/blogdoedvaldomagalhaes.com.br\/index.php\/wp-json\/wp\/v2\/categories?post=128837"},{"taxonomy":"post_tag","embeddable":true,"href":"https:\/\/blogdoedvaldomagalhaes.com.br\/index.php\/wp-json\/wp\/v2\/tags?post=128837"}],"curies":[{"name":"wp","href":"https:\/\/api.w.org\/{rel}","templated":true}]}}