{"id":128832,"date":"2026-04-27T21:00:12","date_gmt":"2026-04-28T00:00:12","guid":{"rendered":"https:\/\/blogdoedvaldomagalhaes.com.br\/?p=128832"},"modified":"2026-04-27T21:00:12","modified_gmt":"2026-04-28T00:00:12","slug":"transito-de-caruaru-e-destaque-nacional-reconhecido-pelo-ministerio-dos-transportes","status":"publish","type":"post","link":"https:\/\/blogdoedvaldomagalhaes.com.br\/index.php\/2026\/04\/27\/transito-de-caruaru-e-destaque-nacional-reconhecido-pelo-ministerio-dos-transportes\/","title":{"rendered":"Tr\u00e2nsito de Caruaru \u00e9 destaque nacional reconhecido pelo Minist\u00e9rio dos Transportes"},"content":{"rendered":"<p><span style=\"font-size: revert;\">Caruaru obteve reconhecimento nacional pelo trabalho desenvolvido no tr\u00e2nsito do munic\u00edpio. Durante cerim\u00f4nia realizada em Bras\u00edlia-DF, o Minist\u00e9rio dos Transportes, por meio da Secretaria Nacional de Tr\u00e2nsito, entregou o pr\u00eamio Senatran 2025 para os melhores projetos de seguran\u00e7a vi\u00e1ria do pa\u00eds. Inscrita com duas iniciativas, a Autarquia de Mobilidade de Caruaru foi premiada por ambas.<\/span><\/p>\n<p>A primeira, intitulada Esquina Segura (categoria 4), tem o objetivo de, por meio de interven\u00e7\u00f5es de engenharia de tr\u00e2nsito, adotar a\u00e7\u00f5es para reduzir os sinistros de tr\u00e2nsito e proteger pedestres, condutores e ciclistas.<\/p>\n<p>Al\u00e9m disso, foi premiado o Grupo de Estudos de Sinistros de Tr\u00e2nsito (categoria 7), que utiliza a metodologia interinstitucional para analisar dados de sinistros e busca estrat\u00e9gias eficientes para melhoria da seguran\u00e7a vi\u00e1ria e redu\u00e7\u00e3o de \u00f3bitos no tr\u00e2nsito.<\/p>\n<p>&#8220;A cidade est\u00e1 muito bem sinalizada e isso \u00e9 importante demais para o dia a dia nas ruas. A gente percebe que a seguran\u00e7a no tr\u00e2nsito tem sido uma prioridade na gest\u00e3o municipal. \u00c9 um grande trabalho sendo realizado&#8221;, afirmou o comerciante Jos\u00e9 Marcos.<\/p>\n<p>&#8220;Caruaru est\u00e1 de parab\u00e9ns pelos pr\u00eamios recebidos. Eu quero, em nome da Senatran e do Minist\u00e9rio dos Transportes, dizer que \u00e9 uma alegria ter um munic\u00edpio como Caruaru recebendo dois pr\u00eamios, isso \u00e9 muito importante. Que voc\u00eas continuem assim, trabalhando pelo nosso tr\u00e2nsito&#8221;, destacou a diretora do Departamento de Seguran\u00e7a no Tr\u00e2nsito da Senatran, Maria Alice Nascimento. Siga o Instagram @portaledvaldomagalhaes<br \/><span style=\"font-size: revert;\">Foto: Divulga\u00e7\u00e3o<\/span><\/p>\n\n\n<p><\/p>\n","protected":false},"excerpt":{"rendered":"<p>Caruaru obteve reconhecimento nacional pelo trabalho desenvolvido no tr\u00e2nsito do munic\u00edpio. Durante cerim\u00f4nia realizada em Bras\u00edlia-DF, o Minist\u00e9rio dos Transportes,&hellip;<\/p>\n","protected":false},"author":1,"featured_media":128833,"comment_status":"closed","ping_status":"open","sticky":false,"template":"","format":"standard","meta":{"footnotes":""},"categories":[14120],"tags":[13146,34634],"class_list":["post-128832","post","type-post","status-publish","format-standard","has-post-thumbnail","hentry","category-noticias","tag-blog-edvaldo-magalhaes","tag-portal-edvaldo-magalhaes"],"_links":{"self":[{"href":"https:\/\/blogdoedvaldomagalhaes.com.br\/index.php\/wp-json\/wp\/v2\/posts\/128832","targetHints":{"allow":["GET"]}}],"collection":[{"href":"https:\/\/blogdoedvaldomagalhaes.com.br\/index.php\/wp-json\/wp\/v2\/posts"}],"about":[{"href":"https:\/\/blogdoedvaldomagalhaes.com.br\/index.php\/wp-json\/wp\/v2\/types\/post"}],"author":[{"embeddable":true,"href":"https:\/\/blogdoedvaldomagalhaes.com.br\/index.php\/wp-json\/wp\/v2\/users\/1"}],"replies":[{"embeddable":true,"href":"https:\/\/blogdoedvaldomagalhaes.com.br\/index.php\/wp-json\/wp\/v2\/comments?post=128832"}],"version-history":[{"count":1,"href":"https:\/\/blogdoedvaldomagalhaes.com.br\/index.php\/wp-json\/wp\/v2\/posts\/128832\/revisions"}],"predecessor-version":[{"id":128834,"href":"https:\/\/blogdoedvaldomagalhaes.com.br\/index.php\/wp-json\/wp\/v2\/posts\/128832\/revisions\/128834"}],"wp:featuredmedia":[{"embeddable":true,"href":"https:\/\/blogdoedvaldomagalhaes.com.br\/index.php\/wp-json\/wp\/v2\/media\/128833"}],"wp:attachment":[{"href":"https:\/\/blogdoedvaldomagalhaes.com.br\/index.php\/wp-json\/wp\/v2\/media?parent=128832"}],"wp:term":[{"taxonomy":"category","embeddable":true,"href":"https:\/\/blogdoedvaldomagalhaes.com.br\/index.php\/wp-json\/wp\/v2\/categories?post=128832"},{"taxonomy":"post_tag","embeddable":true,"href":"https:\/\/blogdoedvaldomagalhaes.com.br\/index.php\/wp-json\/wp\/v2\/tags?post=128832"}],"curies":[{"name":"wp","href":"https:\/\/api.w.org\/{rel}","templated":true}]}}