{"id":128829,"date":"2026-04-27T20:47:53","date_gmt":"2026-04-27T23:47:53","guid":{"rendered":"https:\/\/blogdoedvaldomagalhaes.com.br\/?p=128829"},"modified":"2026-04-27T20:47:53","modified_gmt":"2026-04-27T23:47:53","slug":"secretaria-de-educacao-de-caruaru-divulga-nova-convocacao-de-vagas-para-cmeis","status":"publish","type":"post","link":"https:\/\/blogdoedvaldomagalhaes.com.br\/index.php\/2026\/04\/27\/secretaria-de-educacao-de-caruaru-divulga-nova-convocacao-de-vagas-para-cmeis\/","title":{"rendered":"Secretaria de Educa\u00e7\u00e3o de Caruaru divulga nova convoca\u00e7\u00e3o de vagas para CMEIs"},"content":{"rendered":"<p><span style=\"font-size: revert;\">A Secretaria de Educa\u00e7\u00e3o de Caruaru, por meio do site oficial \u201cCreche F\u00e1cil\u201d, divulgou uma nova convoca\u00e7\u00e3o de crian\u00e7as contempladas com vagas nos Centros Municipais de Educa\u00e7\u00e3o Infantil (CMEIs). O resultado est\u00e1 dispon\u00edvel atrav\u00e9s do endere\u00e7o eletr\u00f4nico: https:\/\/crechefacil.caruaru.pe.gov.br e pode ser consultado pelos respons\u00e1veis dos menores.<\/span><\/p>\n<p>Os respons\u00e1veis devem efetivar as matr\u00edculas das crian\u00e7as presencialmente na unidade contemplada, a partir desta segunda-feira (27) at\u00e9 5 de maio. No ato, \u00e9 necess\u00e1rio apresentar os seguintes documentos:<\/p>\n<p>Do estudante (c\u00f3pia):<br \/>1. Certid\u00e3o de nascimento e\/ou RG;<br \/>2. CPF;<br \/>3. Cart\u00e3o do SUS;<br \/>4. Cart\u00e3o de vacina\u00e7\u00e3o da crian\u00e7a atualizado;<br \/>5. Cart\u00e3o do Bolsa Fam\u00edlia (caso seja benefici\u00e1rio);<br \/>6. Comprovante de tipagem sangu\u00ednea &#8211; Fator RH;<br \/>7. 2 fotos 3&#215;4;<br \/>8. Laudo m\u00e9dico para estudantes com Defici\u00eancia, Transtornos Globais do Desenvolvimento e Altas Habilidades ou Superdota\u00e7\u00e3o.<\/p>\n<p>Pais ou respons\u00e1veis (c\u00f3pia):<br \/>1. RG;<br \/>2. CPF;<br \/>3. Comprovante de resid\u00eancia com CEP.\u00a0<br \/>Siga o Instagram @portaledvaldomagalhaes<br \/>Card: Divulga\u00e7\u00e3o\u00a0<\/p>\n\n\n<p><\/p>\n","protected":false},"excerpt":{"rendered":"<p>A Secretaria de Educa\u00e7\u00e3o de Caruaru, por meio do site oficial \u201cCreche F\u00e1cil\u201d, divulgou uma nova convoca\u00e7\u00e3o de crian\u00e7as contempladas&hellip;<\/p>\n","protected":false},"author":1,"featured_media":128830,"comment_status":"closed","ping_status":"open","sticky":false,"template":"","format":"standard","meta":{"footnotes":""},"categories":[14120],"tags":[13146,34634],"class_list":["post-128829","post","type-post","status-publish","format-standard","has-post-thumbnail","hentry","category-noticias","tag-blog-edvaldo-magalhaes","tag-portal-edvaldo-magalhaes"],"_links":{"self":[{"href":"https:\/\/blogdoedvaldomagalhaes.com.br\/index.php\/wp-json\/wp\/v2\/posts\/128829","targetHints":{"allow":["GET"]}}],"collection":[{"href":"https:\/\/blogdoedvaldomagalhaes.com.br\/index.php\/wp-json\/wp\/v2\/posts"}],"about":[{"href":"https:\/\/blogdoedvaldomagalhaes.com.br\/index.php\/wp-json\/wp\/v2\/types\/post"}],"author":[{"embeddable":true,"href":"https:\/\/blogdoedvaldomagalhaes.com.br\/index.php\/wp-json\/wp\/v2\/users\/1"}],"replies":[{"embeddable":true,"href":"https:\/\/blogdoedvaldomagalhaes.com.br\/index.php\/wp-json\/wp\/v2\/comments?post=128829"}],"version-history":[{"count":1,"href":"https:\/\/blogdoedvaldomagalhaes.com.br\/index.php\/wp-json\/wp\/v2\/posts\/128829\/revisions"}],"predecessor-version":[{"id":128831,"href":"https:\/\/blogdoedvaldomagalhaes.com.br\/index.php\/wp-json\/wp\/v2\/posts\/128829\/revisions\/128831"}],"wp:featuredmedia":[{"embeddable":true,"href":"https:\/\/blogdoedvaldomagalhaes.com.br\/index.php\/wp-json\/wp\/v2\/media\/128830"}],"wp:attachment":[{"href":"https:\/\/blogdoedvaldomagalhaes.com.br\/index.php\/wp-json\/wp\/v2\/media?parent=128829"}],"wp:term":[{"taxonomy":"category","embeddable":true,"href":"https:\/\/blogdoedvaldomagalhaes.com.br\/index.php\/wp-json\/wp\/v2\/categories?post=128829"},{"taxonomy":"post_tag","embeddable":true,"href":"https:\/\/blogdoedvaldomagalhaes.com.br\/index.php\/wp-json\/wp\/v2\/tags?post=128829"}],"curies":[{"name":"wp","href":"https:\/\/api.w.org\/{rel}","templated":true}]}}