{"id":128826,"date":"2026-04-27T19:49:28","date_gmt":"2026-04-27T22:49:28","guid":{"rendered":"https:\/\/blogdoedvaldomagalhaes.com.br\/?p=128826"},"modified":"2026-04-27T19:49:28","modified_gmt":"2026-04-27T22:49:28","slug":"sesc-leva-o-projeto-colmeia-ao-bairro-salgado-em-caruaru-com-atendimentos-gratuitos-de-saude-bem-estar-e-cidadania","status":"publish","type":"post","link":"https:\/\/blogdoedvaldomagalhaes.com.br\/index.php\/2026\/04\/27\/sesc-leva-o-projeto-colmeia-ao-bairro-salgado-em-caruaru-com-atendimentos-gratuitos-de-saude-bem-estar-e-cidadania\/","title":{"rendered":"Sesc leva o Projeto Colmeia ao bairro Salgado, em Caruaru, com atendimentos\u00a0gratuitos de sa\u00fade, bem-estar e cidadania"},"content":{"rendered":"<p><span style=\"font-size: revert;\">Sesc leva o Projeto Colmeia ao bairro Salgado, em Caruaru, com atendimentos <\/span><span style=\"font-size: revert;\">gratuitos de sa\u00fade, bem-estar e cidadania<\/span><\/p>\n<p><br \/>_*foto: EREM Arnaldo Assun\u00e7\u00e3o\/Google*_<br \/><br \/>O Sesc Caruaru est\u00e1 nos \u00faltimos ajustes para a realiza\u00e7\u00e3o de mais um Projeto Colmeia, a a\u00e7\u00e3o que proporciona servi\u00e7os gratuitos de sa\u00fade, bem-estar e cidadania \u00e0 comunidade. No dia 29 de abril, das 8h \u00e0s 14h, a unidade e parceiros v\u00e3o realizar os atendimentos na Escola de Refer\u00eancia em Ensino M\u00e9dio Arnaldo Assun\u00e7\u00e3o, no bairro do Salgado.<br \/><br \/>\u201cPara n\u00f3s \u00e9 sempre uma alegria levar este importante projeto para a comunidade, principalmente porque contamos com a participa\u00e7\u00e3o de diversas institui\u00e7\u00f5es e entidades que n\u00e3o medem esfor\u00e7os para contribuir com a qualidade de vida das pessoas, intuito maior do Colmeia\u201d, ressalta Concei\u00e7\u00e3o de Paulo, gerente do Sesc Caruaru.<br \/><br \/>As a\u00e7\u00f5es t\u00eam in\u00edcio no dia 28, por\u00e9m direcionadas \u00e0 comunidade escolar. Alunos e colaboradores v\u00e3o participar de oficinas e palestras. No dia 29, a escola ser\u00e1 aberta ao p\u00fablico. No local, haver\u00e1 quatro polos distintos: Sa\u00fade, Cidadania, Bem-Estar, Cultural e Recrea\u00e7\u00e3o. Ao todo, 13 parceiros estar\u00e3o junto com o Sesc nesta a\u00e7\u00e3o.<br \/><br \/>No Polo Sa\u00fade, ser\u00e3o realizados atendimentos de aferi\u00e7\u00e3o de press\u00e3o, testes de glicose e acuidade visual, manuten\u00e7\u00e3o de \u00f3culos, vacina\u00e7\u00e3o, atendimento psicol\u00f3gico, orienta\u00e7\u00f5es nutricionais, odontol\u00f3gicas e de preven\u00e7\u00e3o de ISTs (Infec\u00e7\u00f5es Sexualmente Transmiss\u00edveis) nutri\u00e7\u00e3o, al\u00e9m de distribui\u00e7\u00e3o de preservativos.<br \/><br \/>No Polo Cidadania, vai ter emiss\u00e3o do RG e do CPF, orienta\u00e7\u00f5es sobre a Senha Gov, atualiza\u00e7\u00e3o e realiza\u00e7\u00e3o do Cadastro \u00danico, emiss\u00e3o da Carteira da Pessoa Idosa, orienta\u00e7\u00f5es jur\u00eddicas e socioassistenciais, com o CRAS e o CREAS. O Polo Bem-Estar vai promover auriculoterapia, massagem, ventosaterapia, cuidados com a pele e maquiagem.<br \/><br \/>No Polo Cultural, apresenta\u00e7\u00e3o do Canto Coral Livre e o Grupo de Dan\u00e7a Mestre Vitalino, ambos do Sesc e dos grupos de Viol\u00e3o e Bal\u00e9 do Servi\u00e7o de Conviv\u00eancia e Fortalecimento de V\u00ednculos do CRAS Salgado. As atividades recreativas incluem jogos gigantes e de sal\u00e3o, pintura de rosto, desafio Lego, karaok\u00ea e o grupo Fama Show da EREM Arnaldo Assun\u00e7\u00e3o. <br \/><br \/>Para a realiza\u00e7\u00e3o do Projeto Colmeia, o Sesc vai contar com a parceria da EREM Arnaldo Assun\u00e7\u00e3o, Senac, CIEE, Compesa, Asces\/Unita, Faculdade Nova Roma, Educa Caracol, Prefeitura de Caruaru, atrav\u00e9s das secretarias da Mulher, Sa\u00fade e Assist\u00eancia Social, \u00d3ticas Diniz, Wedja Vieira (consultora Mary Kay) e psic\u00f3logo T\u00falio Melo.<br \/><br \/>Sesc \u2013 Fundado em 1947 em Pernambuco, o Servi\u00e7o Social do Com\u00e9rcio \u00e9 uma institui\u00e7\u00e3o privada mantida pelos empres\u00e1rios do com\u00e9rcio de bens, servi\u00e7os e turismo. Atuante na Regi\u00e3o Metropolitana do Recife, Zona da Mata Norte, Zona da Mata Sul, Agreste e Sert\u00e3o, por meio de 23 unidades fixas, incluindo os hot\u00e9is Guadalupe (Sirinha\u00e9m), Triunfo e Garanhuns, al\u00e9m do Espa\u00e7o Sesc no Shopping Boa Vista, no Recife, e o Centro Cultural Sesc Garanhuns. Oferece atividades gratuitas ou a pre\u00e7os populares nas \u00e1reas de Educa\u00e7\u00e3o, Cultura, Lazer, Assist\u00eancia e Sa\u00fade, inclusive para quem disp\u00f5e do Cart\u00e3o do Empres\u00e1rio da Fecom\u00e9rcio\/PE. No campo digital, a institui\u00e7\u00e3o oferece o aplicativo Sesc-PE, facilitando acesso \u00e0s atividades, renova\u00e7\u00e3o e habilita\u00e7\u00e3o da credencial entre outras funcionalidades, e disponibiliza a plataforma Sesc Digital (https:\/\/cursos.sescpe.com.br\/todos). Por ela, \u00e9 poss\u00edvel conhecer o cronograma de cursos e realizar a inscri\u00e7\u00e3o de forma online e segura. Para acompanhar todas as informa\u00e7\u00f5es sobre o Sesc, acesse www.sescpe.org.br. \u00a0\u00a0<br \/>Siga o Instagram @portaledvaldomagalhaes. \u00a0<br \/>Foto: EREM Arnaldo Assun\u00e7\u00e3o\/Google<\/p>\n\n\n<p><\/p>\n","protected":false},"excerpt":{"rendered":"<p>Sesc leva o Projeto Colmeia ao bairro Salgado, em Caruaru, com atendimentos gratuitos de sa\u00fade, bem-estar e cidadania _*foto: EREM&hellip;<\/p>\n","protected":false},"author":1,"featured_media":128827,"comment_status":"closed","ping_status":"open","sticky":false,"template":"","format":"standard","meta":{"footnotes":""},"categories":[14120],"tags":[13146,34634],"class_list":["post-128826","post","type-post","status-publish","format-standard","has-post-thumbnail","hentry","category-noticias","tag-blog-edvaldo-magalhaes","tag-portal-edvaldo-magalhaes"],"_links":{"self":[{"href":"https:\/\/blogdoedvaldomagalhaes.com.br\/index.php\/wp-json\/wp\/v2\/posts\/128826","targetHints":{"allow":["GET"]}}],"collection":[{"href":"https:\/\/blogdoedvaldomagalhaes.com.br\/index.php\/wp-json\/wp\/v2\/posts"}],"about":[{"href":"https:\/\/blogdoedvaldomagalhaes.com.br\/index.php\/wp-json\/wp\/v2\/types\/post"}],"author":[{"embeddable":true,"href":"https:\/\/blogdoedvaldomagalhaes.com.br\/index.php\/wp-json\/wp\/v2\/users\/1"}],"replies":[{"embeddable":true,"href":"https:\/\/blogdoedvaldomagalhaes.com.br\/index.php\/wp-json\/wp\/v2\/comments?post=128826"}],"version-history":[{"count":1,"href":"https:\/\/blogdoedvaldomagalhaes.com.br\/index.php\/wp-json\/wp\/v2\/posts\/128826\/revisions"}],"predecessor-version":[{"id":128828,"href":"https:\/\/blogdoedvaldomagalhaes.com.br\/index.php\/wp-json\/wp\/v2\/posts\/128826\/revisions\/128828"}],"wp:featuredmedia":[{"embeddable":true,"href":"https:\/\/blogdoedvaldomagalhaes.com.br\/index.php\/wp-json\/wp\/v2\/media\/128827"}],"wp:attachment":[{"href":"https:\/\/blogdoedvaldomagalhaes.com.br\/index.php\/wp-json\/wp\/v2\/media?parent=128826"}],"wp:term":[{"taxonomy":"category","embeddable":true,"href":"https:\/\/blogdoedvaldomagalhaes.com.br\/index.php\/wp-json\/wp\/v2\/categories?post=128826"},{"taxonomy":"post_tag","embeddable":true,"href":"https:\/\/blogdoedvaldomagalhaes.com.br\/index.php\/wp-json\/wp\/v2\/tags?post=128826"}],"curies":[{"name":"wp","href":"https:\/\/api.w.org\/{rel}","templated":true}]}}