{"id":128823,"date":"2026-04-27T18:56:11","date_gmt":"2026-04-27T21:56:11","guid":{"rendered":"https:\/\/blogdoedvaldomagalhaes.com.br\/?p=128823"},"modified":"2026-04-27T18:56:11","modified_gmt":"2026-04-27T21:56:11","slug":"toritama-celebra-chegada-das-aguas-do-rio-sao-francisco-e-anuncia-r-74-milhoes-para-infraestrutura","status":"publish","type":"post","link":"https:\/\/blogdoedvaldomagalhaes.com.br\/index.php\/2026\/04\/27\/toritama-celebra-chegada-das-aguas-do-rio-sao-francisco-e-anuncia-r-74-milhoes-para-infraestrutura\/","title":{"rendered":"Toritama celebra chegada das \u00e1guas do Rio S\u00e3o Francisco e anuncia R$ 7,4 milh\u00f5es para infraestrutura"},"content":{"rendered":"<p><span style=\"font-size: revert;\">O prefeito de Toritama, S\u00e9rgio Colin (PP), anunciou nesta segunda-feira (27) duas conquistas hist\u00f3ricas para o munic\u00edpio durante sua participa\u00e7\u00e3o no 9\u00ba Congresso dos Munic\u00edpios da AMUPE. A principal novidade \u00e9 a chegada das \u00e1guas do Rio S\u00e3o Francisco \u00e0 Esta\u00e7\u00e3o de Tratamento de \u00c1gua (ETA) da cidade, ocorrida durante a madrugada. A opera\u00e7\u00e3o encerra um ciclo de mais de oito anos de desabastecimento, fruto de uma articula\u00e7\u00e3o direta com o Governo do Estado. &#8220;A nossa governadora prometeu e cumpriu. Ver essa \u00e1gua chegar depois de quase uma d\u00e9cada de espera \u00e9 a realiza\u00e7\u00e3o de um compromisso com a dignidade do nosso povo&#8221;, celebrou o gestor.<\/span><\/p>\n<p>Al\u00e9m da excelente not\u00edcia sobre a crise h\u00eddrica, a Capital do Jeans garantiu um aporte de R$ 7,4 milh\u00f5es provenientes da concess\u00e3o da Compesa. Segundo o Executivo Municipal, os recursos j\u00e1 possuem destino certo e ser\u00e3o aplicados integralmente em obras de saneamento b\u00e1sico e pavimenta\u00e7\u00e3o asf\u00e1ltica e em cal\u00e7amento. O objetivo \u00e9 ampliar a malha urbana pavimentada, melhorando a mobilidade e as condi\u00e7\u00f5es sanit\u00e1rias de diversas comunidades que ainda sofrem com a poeira e o esgoto a c\u00e9u aberto.<\/p>\n<p>O pacote de investimentos refor\u00e7a o ritmo acelerado de obras que a atual gest\u00e3o pretende imprimir nos pr\u00f3ximos meses. S\u00e9rgio Colin destacou que o trabalho t\u00e9cnico e a busca por recursos externos s\u00e3o as prioridades para manter o desenvolvimento econ\u00f4mico e social da cidade. Em tom de otimismo, o prefeito reafirmou o compromisso com a continuidade dos projetos em suas redes sociais. \u00a0<br \/>Siga o Instagram @portaledvaldomagalhaes<br \/>Foto: Divulga\u00e7\u00e3o\u00a0<\/p>\n\n\n<p><\/p>\n","protected":false},"excerpt":{"rendered":"<p>O prefeito de Toritama, S\u00e9rgio Colin (PP), anunciou nesta segunda-feira (27) duas conquistas hist\u00f3ricas para o munic\u00edpio durante sua participa\u00e7\u00e3o&hellip;<\/p>\n","protected":false},"author":1,"featured_media":128824,"comment_status":"closed","ping_status":"open","sticky":false,"template":"","format":"standard","meta":{"footnotes":""},"categories":[14120],"tags":[13146,20,34634],"class_list":["post-128823","post","type-post","status-publish","format-standard","has-post-thumbnail","hentry","category-noticias","tag-blog-edvaldo-magalhaes","tag-politica","tag-portal-edvaldo-magalhaes"],"_links":{"self":[{"href":"https:\/\/blogdoedvaldomagalhaes.com.br\/index.php\/wp-json\/wp\/v2\/posts\/128823","targetHints":{"allow":["GET"]}}],"collection":[{"href":"https:\/\/blogdoedvaldomagalhaes.com.br\/index.php\/wp-json\/wp\/v2\/posts"}],"about":[{"href":"https:\/\/blogdoedvaldomagalhaes.com.br\/index.php\/wp-json\/wp\/v2\/types\/post"}],"author":[{"embeddable":true,"href":"https:\/\/blogdoedvaldomagalhaes.com.br\/index.php\/wp-json\/wp\/v2\/users\/1"}],"replies":[{"embeddable":true,"href":"https:\/\/blogdoedvaldomagalhaes.com.br\/index.php\/wp-json\/wp\/v2\/comments?post=128823"}],"version-history":[{"count":1,"href":"https:\/\/blogdoedvaldomagalhaes.com.br\/index.php\/wp-json\/wp\/v2\/posts\/128823\/revisions"}],"predecessor-version":[{"id":128825,"href":"https:\/\/blogdoedvaldomagalhaes.com.br\/index.php\/wp-json\/wp\/v2\/posts\/128823\/revisions\/128825"}],"wp:featuredmedia":[{"embeddable":true,"href":"https:\/\/blogdoedvaldomagalhaes.com.br\/index.php\/wp-json\/wp\/v2\/media\/128824"}],"wp:attachment":[{"href":"https:\/\/blogdoedvaldomagalhaes.com.br\/index.php\/wp-json\/wp\/v2\/media?parent=128823"}],"wp:term":[{"taxonomy":"category","embeddable":true,"href":"https:\/\/blogdoedvaldomagalhaes.com.br\/index.php\/wp-json\/wp\/v2\/categories?post=128823"},{"taxonomy":"post_tag","embeddable":true,"href":"https:\/\/blogdoedvaldomagalhaes.com.br\/index.php\/wp-json\/wp\/v2\/tags?post=128823"}],"curies":[{"name":"wp","href":"https:\/\/api.w.org\/{rel}","templated":true}]}}