{"id":128820,"date":"2026-04-27T14:48:41","date_gmt":"2026-04-27T17:48:41","guid":{"rendered":"https:\/\/blogdoedvaldomagalhaes.com.br\/?p=128820"},"modified":"2026-04-27T14:48:41","modified_gmt":"2026-04-27T17:48:41","slug":"homem-encontrado-desorientado-no-shopping-e-levado-para-upa-que-pede-ajudar-para-identificar-familiares","status":"publish","type":"post","link":"https:\/\/blogdoedvaldomagalhaes.com.br\/index.php\/2026\/04\/27\/homem-encontrado-desorientado-no-shopping-e-levado-para-upa-que-pede-ajudar-para-identificar-familiares\/","title":{"rendered":"Homem encontrado desorientado no shopping \u00e9 levado para UPA que pede ajudar para identificar familiares"},"content":{"rendered":"<p>Um homem identificado como Jos\u00e9 Vicente foi encontrado desorientado nas depend\u00eancias do Shopping Difusora, em Caruaru, nesta segunda-feira.<\/p>\n<p>De acordo com informa\u00e7\u00f5es, o paciente foi socorrido por uma equipe do Servi\u00e7o de Atendimento M\u00f3vel de Urg\u00eancia (SAMU) e encaminhado para a Unidade de Pronto Atendimento (UPA) do bairro Salgado, onde permanece sob cuidados m\u00e9dicos.<\/p>\n<p>At\u00e9 o momento, n\u00e3o foi poss\u00edvel localizar familiares ou respons\u00e1veis. A equipe de sa\u00fade solicita o apoio da popula\u00e7\u00e3o para identificar e entrar em contato com parentes do paciente.<br \/>\nSiga o Instagram @portaledvaldomagalhaes<br \/>\nFoto: Divulga\u00e7\u00e3o<\/p>\n","protected":false},"excerpt":{"rendered":"<p>Um homem identificado como Jos\u00e9 Vicente foi encontrado desorientado nas depend\u00eancias do Shopping Difusora, em Caruaru, nesta segunda-feira. De acordo&hellip;<\/p>\n","protected":false},"author":1,"featured_media":128821,"comment_status":"closed","ping_status":"open","sticky":false,"template":"","format":"standard","meta":{"footnotes":""},"categories":[14120],"tags":[13146,34634],"class_list":["post-128820","post","type-post","status-publish","format-standard","has-post-thumbnail","hentry","category-noticias","tag-blog-edvaldo-magalhaes","tag-portal-edvaldo-magalhaes"],"_links":{"self":[{"href":"https:\/\/blogdoedvaldomagalhaes.com.br\/index.php\/wp-json\/wp\/v2\/posts\/128820","targetHints":{"allow":["GET"]}}],"collection":[{"href":"https:\/\/blogdoedvaldomagalhaes.com.br\/index.php\/wp-json\/wp\/v2\/posts"}],"about":[{"href":"https:\/\/blogdoedvaldomagalhaes.com.br\/index.php\/wp-json\/wp\/v2\/types\/post"}],"author":[{"embeddable":true,"href":"https:\/\/blogdoedvaldomagalhaes.com.br\/index.php\/wp-json\/wp\/v2\/users\/1"}],"replies":[{"embeddable":true,"href":"https:\/\/blogdoedvaldomagalhaes.com.br\/index.php\/wp-json\/wp\/v2\/comments?post=128820"}],"version-history":[{"count":1,"href":"https:\/\/blogdoedvaldomagalhaes.com.br\/index.php\/wp-json\/wp\/v2\/posts\/128820\/revisions"}],"predecessor-version":[{"id":128822,"href":"https:\/\/blogdoedvaldomagalhaes.com.br\/index.php\/wp-json\/wp\/v2\/posts\/128820\/revisions\/128822"}],"wp:featuredmedia":[{"embeddable":true,"href":"https:\/\/blogdoedvaldomagalhaes.com.br\/index.php\/wp-json\/wp\/v2\/media\/128821"}],"wp:attachment":[{"href":"https:\/\/blogdoedvaldomagalhaes.com.br\/index.php\/wp-json\/wp\/v2\/media?parent=128820"}],"wp:term":[{"taxonomy":"category","embeddable":true,"href":"https:\/\/blogdoedvaldomagalhaes.com.br\/index.php\/wp-json\/wp\/v2\/categories?post=128820"},{"taxonomy":"post_tag","embeddable":true,"href":"https:\/\/blogdoedvaldomagalhaes.com.br\/index.php\/wp-json\/wp\/v2\/tags?post=128820"}],"curies":[{"name":"wp","href":"https:\/\/api.w.org\/{rel}","templated":true}]}}