{"id":128816,"date":"2026-04-27T12:10:46","date_gmt":"2026-04-27T15:10:46","guid":{"rendered":"https:\/\/blogdoedvaldomagalhaes.com.br\/?p=128816"},"modified":"2026-04-27T12:10:46","modified_gmt":"2026-04-27T15:10:46","slug":"policia-prende-quadrilha-especializada-em-roubo-de-joias","status":"publish","type":"post","link":"https:\/\/blogdoedvaldomagalhaes.com.br\/index.php\/2026\/04\/27\/policia-prende-quadrilha-especializada-em-roubo-de-joias\/","title":{"rendered":"Pol\u00edcia prende quadrilha especializada em roubo de joias"},"content":{"rendered":"<p>A POL\u00cdCIA CIVIL DE PERNAMBUCO desencadeou na manh\u00e3 da sexta-feira (24\/04), a 31\u00aa Opera\u00e7\u00e3o de Repress\u00e3o Qualificada do ano denominada &#8220;THE <span style=\"font-size: revert;\">CLOSET&#8221;, vinculada Diretoria Integrada Metropolitana &#8211; DIM, sob a presid\u00eancia do <\/span><span style=\"font-size: revert;\">Delegado Gilmar Rodrigues, Titular da Delegacia de Pol\u00edcia da 26\u00aa Circunscri\u00e7\u00e3o \u2013 Rio <\/span><span style=\"font-size: revert;\">Doce, unidade integrante da 7\u00aa Delegacia Secional &#8211; 7\u00aa DESEC.<\/span><\/p>\n<p>A investiga\u00e7\u00e3o foi iniciada em abril de 2025, com o objetivo de identificar e desarticular <span style=\"font-size: revert;\">Associa\u00e7\u00e3o Criminosa voltada pr\u00e1tica de Roubo, Recepta\u00e7\u00e3o e C\u00e1rcere Privado.<\/span><\/p>\n<p>Nesta segunda-feira (27.04), est\u00e3o sendo cumpridos \u00a0quatro Mandados de Pris\u00e3o e cinco. Mandados de Busca e Apreens\u00e3o Domiciliar, todos expedidos pelo Ju\u00edzo da Terceira <span style=\"font-size: revert;\">Vara Criminal da Comarca de Olinda.<\/span><\/p>\n<p>Na execu\u00e7\u00e3o est\u00e3o sendo empregados quarenta Policiais Civis, entre Delegados, <span style=\"font-size: revert;\">Agentes e Escriv\u00e3es. <\/span><span style=\"font-size: revert;\">As investiga\u00e7\u00f5es foram assessoradas pela Diretoria de Intelig\u00eancia da Pol\u00edcia Civil de <\/span><span style=\"font-size: revert;\">Pernambuco \u2013 DINTEL e pelo Laborat\u00f3rio de Tecnologia contra Lavagem de Dinheiro &#8211; <\/span><span style=\"font-size: revert;\">LAB\/LD, contando ainda com o apoio operacional da Ger\u00eancia de Intelig\u00eancia e <\/span><span style=\"font-size: revert;\">Seguran\u00e7a Org\u00e2nica da Secretaria de Administra\u00e7\u00e3o Penitenci\u00e1ria e Ressocializa\u00e7\u00e3o &#8211; <\/span><span style=\"font-size: revert;\">GISO\/SEAP-PE.\u00a0<br \/>Siga o Instagram @portaledvaldomagalhaes<br \/>Foto: Divulga\u00e7\u00e3o\/Policia Civil\u00a0<\/span><\/p>\n\n\n<p><\/p>\n","protected":false},"excerpt":{"rendered":"<p>A POL\u00cdCIA CIVIL DE PERNAMBUCO desencadeou na manh\u00e3 da sexta-feira (24\/04), a 31\u00aa Opera\u00e7\u00e3o de Repress\u00e3o Qualificada do ano denominada&hellip;<\/p>\n","protected":false},"author":1,"featured_media":128817,"comment_status":"closed","ping_status":"open","sticky":false,"template":"","format":"standard","meta":{"footnotes":""},"categories":[14121],"tags":[13146,34634],"class_list":["post-128816","post","type-post","status-publish","format-standard","has-post-thumbnail","hentry","category-policial","tag-blog-edvaldo-magalhaes","tag-portal-edvaldo-magalhaes"],"_links":{"self":[{"href":"https:\/\/blogdoedvaldomagalhaes.com.br\/index.php\/wp-json\/wp\/v2\/posts\/128816","targetHints":{"allow":["GET"]}}],"collection":[{"href":"https:\/\/blogdoedvaldomagalhaes.com.br\/index.php\/wp-json\/wp\/v2\/posts"}],"about":[{"href":"https:\/\/blogdoedvaldomagalhaes.com.br\/index.php\/wp-json\/wp\/v2\/types\/post"}],"author":[{"embeddable":true,"href":"https:\/\/blogdoedvaldomagalhaes.com.br\/index.php\/wp-json\/wp\/v2\/users\/1"}],"replies":[{"embeddable":true,"href":"https:\/\/blogdoedvaldomagalhaes.com.br\/index.php\/wp-json\/wp\/v2\/comments?post=128816"}],"version-history":[{"count":1,"href":"https:\/\/blogdoedvaldomagalhaes.com.br\/index.php\/wp-json\/wp\/v2\/posts\/128816\/revisions"}],"predecessor-version":[{"id":128818,"href":"https:\/\/blogdoedvaldomagalhaes.com.br\/index.php\/wp-json\/wp\/v2\/posts\/128816\/revisions\/128818"}],"wp:featuredmedia":[{"embeddable":true,"href":"https:\/\/blogdoedvaldomagalhaes.com.br\/index.php\/wp-json\/wp\/v2\/media\/128817"}],"wp:attachment":[{"href":"https:\/\/blogdoedvaldomagalhaes.com.br\/index.php\/wp-json\/wp\/v2\/media?parent=128816"}],"wp:term":[{"taxonomy":"category","embeddable":true,"href":"https:\/\/blogdoedvaldomagalhaes.com.br\/index.php\/wp-json\/wp\/v2\/categories?post=128816"},{"taxonomy":"post_tag","embeddable":true,"href":"https:\/\/blogdoedvaldomagalhaes.com.br\/index.php\/wp-json\/wp\/v2\/tags?post=128816"}],"curies":[{"name":"wp","href":"https:\/\/api.w.org\/{rel}","templated":true}]}}