{"id":128813,"date":"2026-04-27T11:46:57","date_gmt":"2026-04-27T14:46:57","guid":{"rendered":"https:\/\/blogdoedvaldomagalhaes.com.br\/?p=128813"},"modified":"2026-04-27T11:46:57","modified_gmt":"2026-04-27T14:46:57","slug":"vereador-silvio-nascimento-recebe-honraria-cooperadores-do-evangelho-durante-a-expo-gospel-nordeste-no-recife","status":"publish","type":"post","link":"https:\/\/blogdoedvaldomagalhaes.com.br\/index.php\/2026\/04\/27\/vereador-silvio-nascimento-recebe-honraria-cooperadores-do-evangelho-durante-a-expo-gospel-nordeste-no-recife\/","title":{"rendered":"Vereador Silvio Nascimento recebe honraria \u201cCooperadores do Evangelho\u201d durante a Expo Gospel Nordeste, no Recife"},"content":{"rendered":"<p><span style=\"font-size: revert;\">O vereador Silvio Nascimento foi homenageado com a honraria \u201cCooperadores do Evangelho\u201d durante a Expo Gospel Nordeste 2026, um dos maiores eventos do segmento evang\u00e9lico da regi\u00e3o. A cerim\u00f4nia ocorreu em reuni\u00e3o que reuniu l\u00edderes e pastores, dentro da programa\u00e7\u00e3o realizada no Centro de Conven\u00e7\u00f5es de Pernambuco, entre os dias 21 e 26 de abril.<\/span><\/p>\n<p>A Expo Gospel Nordeste se consolidou como um importante espa\u00e7o de f\u00e9, cultura e integra\u00e7\u00e3o, reunindo milhares de visitantes ao longo de sua programa\u00e7\u00e3o, com apresenta\u00e7\u00f5es musicais, ministra\u00e7\u00f5es e conex\u00f5es entre lideran\u00e7as religiosas e institui\u00e7\u00f5es .<\/p>\n<p>O evento tamb\u00e9m promove debates e iniciativas voltadas ao fortalecimento da comunidade crist\u00e3 no Nordeste.<br \/>\nA honraria \u201cCooperadores do Evangelho\u201d \u00e9 concedida a pessoas, empresas e institui\u00e7\u00f5es que se destacam por a\u00e7\u00f5es concretas em prol da propaga\u00e7\u00e3o do Evangelho, da promo\u00e7\u00e3o de valores crist\u00e3os e do servi\u00e7o \u00e0 comunidade. No caso do vereador Silvio Nascimento, o reconhecimento veio acompanhado de iniciativas pr\u00e1ticas que refor\u00e7am seu v\u00ednculo com pautas sociais e religiosas.<br \/>\nEntre essas a\u00e7\u00f5es, destaca-se a articula\u00e7\u00e3o junto ao Governo do Estado para levar \u00e0 feira a Carreta da Mulher, estrutura itinerante voltada ao atendimento e cuidado da sa\u00fade feminina. Durante o per\u00edodo do evento, o equipamento ofereceu servi\u00e7os gratuitos ao p\u00fablico, ampliando o alcance social da Expo Gospel e integrando f\u00e9 e cidadania.<\/p>\n<p>Para lideran\u00e7as presentes, a homenagem reflete n\u00e3o apenas a atua\u00e7\u00e3o pol\u00edtica, mas tamb\u00e9m o compromisso com causas que dialogam diretamente com a comunidade evang\u00e9lica. A presen\u00e7a do parlamentar no evento e sua contribui\u00e7\u00e3o para a\u00e7\u00f5es de impacto social foram apontadas como fatores determinantes para o reconhecimento. Ao receber a honraria, Silvio Nascimento refor\u00e7ou a import\u00e2ncia de unir f\u00e9 e a\u00e7\u00e3o pr\u00e1tica, destacando que pol\u00edticas p\u00fablicas tamb\u00e9m podem servir como instrumentos de cuidado, dignidade e valoriza\u00e7\u00e3o das fam\u00edlias.<\/p>\n<p>A premia\u00e7\u00e3o durante a Expo Gospel Nordeste refor\u00e7a o papel crescente de lideran\u00e7as p\u00fablicas em espa\u00e7os religiosos e sociais, evidenciando a integra\u00e7\u00e3o entre iniciativas de governo, sociedade civil e comunidade de f\u00e9 em Pernambuco.<br \/>\nSiga o Instagram @portaledvaldomagalhaes<br \/>\nFoto: Divulga\u00e7\u00e3o<\/p>\n","protected":false},"excerpt":{"rendered":"<p>O vereador Silvio Nascimento foi homenageado com a honraria \u201cCooperadores do Evangelho\u201d durante a Expo Gospel Nordeste 2026, um dos&hellip;<\/p>\n","protected":false},"author":1,"featured_media":128814,"comment_status":"closed","ping_status":"open","sticky":false,"template":"","format":"standard","meta":{"footnotes":""},"categories":[14122],"tags":[13146,20,34634,32599],"class_list":["post-128813","post","type-post","status-publish","format-standard","has-post-thumbnail","hentry","category-politica","tag-blog-edvaldo-magalhaes","tag-politica","tag-portal-edvaldo-magalhaes","tag-vereador-silvio-nascimento"],"_links":{"self":[{"href":"https:\/\/blogdoedvaldomagalhaes.com.br\/index.php\/wp-json\/wp\/v2\/posts\/128813","targetHints":{"allow":["GET"]}}],"collection":[{"href":"https:\/\/blogdoedvaldomagalhaes.com.br\/index.php\/wp-json\/wp\/v2\/posts"}],"about":[{"href":"https:\/\/blogdoedvaldomagalhaes.com.br\/index.php\/wp-json\/wp\/v2\/types\/post"}],"author":[{"embeddable":true,"href":"https:\/\/blogdoedvaldomagalhaes.com.br\/index.php\/wp-json\/wp\/v2\/users\/1"}],"replies":[{"embeddable":true,"href":"https:\/\/blogdoedvaldomagalhaes.com.br\/index.php\/wp-json\/wp\/v2\/comments?post=128813"}],"version-history":[{"count":1,"href":"https:\/\/blogdoedvaldomagalhaes.com.br\/index.php\/wp-json\/wp\/v2\/posts\/128813\/revisions"}],"predecessor-version":[{"id":128815,"href":"https:\/\/blogdoedvaldomagalhaes.com.br\/index.php\/wp-json\/wp\/v2\/posts\/128813\/revisions\/128815"}],"wp:featuredmedia":[{"embeddable":true,"href":"https:\/\/blogdoedvaldomagalhaes.com.br\/index.php\/wp-json\/wp\/v2\/media\/128814"}],"wp:attachment":[{"href":"https:\/\/blogdoedvaldomagalhaes.com.br\/index.php\/wp-json\/wp\/v2\/media?parent=128813"}],"wp:term":[{"taxonomy":"category","embeddable":true,"href":"https:\/\/blogdoedvaldomagalhaes.com.br\/index.php\/wp-json\/wp\/v2\/categories?post=128813"},{"taxonomy":"post_tag","embeddable":true,"href":"https:\/\/blogdoedvaldomagalhaes.com.br\/index.php\/wp-json\/wp\/v2\/tags?post=128813"}],"curies":[{"name":"wp","href":"https:\/\/api.w.org\/{rel}","templated":true}]}}