{"id":128810,"date":"2026-04-26T20:02:47","date_gmt":"2026-04-26T23:02:47","guid":{"rendered":"https:\/\/blogdoedvaldomagalhaes.com.br\/?p=128810"},"modified":"2026-04-26T20:02:47","modified_gmt":"2026-04-26T23:02:47","slug":"deputado-edson-vieira-ressalta-forca-de-toritama-em-mais-uma-edicao-do-festival-do-jeans","status":"publish","type":"post","link":"https:\/\/blogdoedvaldomagalhaes.com.br\/index.php\/2026\/04\/26\/deputado-edson-vieira-ressalta-forca-de-toritama-em-mais-uma-edicao-do-festival-do-jeans\/","title":{"rendered":"Deputado Edson Vieira ressalta for\u00e7a de Toritama em mais uma edi\u00e7\u00e3o do Festival do Jeans"},"content":{"rendered":"<p><span style=\"font-size: revert;\">Representante do Polo de Confec\u00e7\u00f5es na Assembleia Legislativa de Pernambuco, o deputado estadual Edson Vieira prestigiou mais uma edi\u00e7\u00e3o do Festival do Jeans de Toritama, que encerrou, neste domingo, sua 24\u00aa edi\u00e7\u00e3o consolidado como um dos maiores eventos de moda e neg\u00f3cios do Brasil.<\/span><\/p>\n<p>Durante sua passagem pelo evento, Edson visitou estandes, acompanhou desfiles e participou da programa\u00e7\u00e3o de shows, destacando a grandiosidade da estrutura e a capacidade de Toritama em promover um festival que movimenta a economia, gera oportunidades e fortalece ainda mais o Polo das Confec\u00e7\u00f5es.<\/p>\n<p>Para o parlamentar, o Festival do Jeans \u00e9 a demonstra\u00e7\u00e3o da for\u00e7a criativa, empreendedora e inovadora de um povo que transformou trabalho em desenvolvimento e fez de Toritama uma refer\u00eancia nacional.<\/p>\n<p>&#8220;O Festival do Jeans \u00e9 a prova da for\u00e7a criativa e empreendedora que move Toritama e todo o Polo das Confec\u00e7\u00f5es. Parabenizo a ACIT pela organiza\u00e7\u00e3o de mais uma grande edi\u00e7\u00e3o deste evento, que valoriza nossa ind\u00fastria, impulsiona a economia e projeta nossa regi\u00e3o para todo o Brasil. Tamb\u00e9m quero parabenizar, em nome do prefeito S\u00e9rgio Colin, todos que estiveram envolvidos na organiza\u00e7\u00e3o. Os shows, a estrutura de primeiro mundo, o conforto e a seguran\u00e7a oferecidos ao p\u00fablico mostram a grandeza de Toritama e a capacidade de realizar um evento deste porte&#8221;, destacou Edson Vieira.<br \/>\nSiga o Instagram @portaledvaldomagalhaes<br \/>\nFoto: Divulga\u00e7\u00e3o<\/p>\n","protected":false},"excerpt":{"rendered":"<p>Representante do Polo de Confec\u00e7\u00f5es na Assembleia Legislativa de Pernambuco, o deputado estadual Edson Vieira prestigiou mais uma edi\u00e7\u00e3o do&hellip;<\/p>\n","protected":false},"author":1,"featured_media":128811,"comment_status":"closed","ping_status":"open","sticky":false,"template":"","format":"standard","meta":{"footnotes":""},"categories":[14122],"tags":[13146,20,34634],"class_list":["post-128810","post","type-post","status-publish","format-standard","has-post-thumbnail","hentry","category-politica","tag-blog-edvaldo-magalhaes","tag-politica","tag-portal-edvaldo-magalhaes"],"_links":{"self":[{"href":"https:\/\/blogdoedvaldomagalhaes.com.br\/index.php\/wp-json\/wp\/v2\/posts\/128810","targetHints":{"allow":["GET"]}}],"collection":[{"href":"https:\/\/blogdoedvaldomagalhaes.com.br\/index.php\/wp-json\/wp\/v2\/posts"}],"about":[{"href":"https:\/\/blogdoedvaldomagalhaes.com.br\/index.php\/wp-json\/wp\/v2\/types\/post"}],"author":[{"embeddable":true,"href":"https:\/\/blogdoedvaldomagalhaes.com.br\/index.php\/wp-json\/wp\/v2\/users\/1"}],"replies":[{"embeddable":true,"href":"https:\/\/blogdoedvaldomagalhaes.com.br\/index.php\/wp-json\/wp\/v2\/comments?post=128810"}],"version-history":[{"count":1,"href":"https:\/\/blogdoedvaldomagalhaes.com.br\/index.php\/wp-json\/wp\/v2\/posts\/128810\/revisions"}],"predecessor-version":[{"id":128812,"href":"https:\/\/blogdoedvaldomagalhaes.com.br\/index.php\/wp-json\/wp\/v2\/posts\/128810\/revisions\/128812"}],"wp:featuredmedia":[{"embeddable":true,"href":"https:\/\/blogdoedvaldomagalhaes.com.br\/index.php\/wp-json\/wp\/v2\/media\/128811"}],"wp:attachment":[{"href":"https:\/\/blogdoedvaldomagalhaes.com.br\/index.php\/wp-json\/wp\/v2\/media?parent=128810"}],"wp:term":[{"taxonomy":"category","embeddable":true,"href":"https:\/\/blogdoedvaldomagalhaes.com.br\/index.php\/wp-json\/wp\/v2\/categories?post=128810"},{"taxonomy":"post_tag","embeddable":true,"href":"https:\/\/blogdoedvaldomagalhaes.com.br\/index.php\/wp-json\/wp\/v2\/tags?post=128810"}],"curies":[{"name":"wp","href":"https:\/\/api.w.org\/{rel}","templated":true}]}}