{"id":128807,"date":"2026-04-26T19:45:56","date_gmt":"2026-04-26T22:45:56","guid":{"rendered":"https:\/\/blogdoedvaldomagalhaes.com.br\/?p=128807"},"modified":"2026-04-26T19:45:56","modified_gmt":"2026-04-26T22:45:56","slug":"policia-federal-apreende-cerca-de-2-toneladas-de-maconha-gourmet-inflorescencia","status":"publish","type":"post","link":"https:\/\/blogdoedvaldomagalhaes.com.br\/index.php\/2026\/04\/26\/policia-federal-apreende-cerca-de-2-toneladas-de-maconha-gourmet-inflorescencia\/","title":{"rendered":"Pol\u00edcia Federal apreende cerca de 2 toneladas de maconha gourmet-infloresc\u00eancia"},"content":{"rendered":"<p><span style=\"font-size: revert;\">A Pol\u00edcia Federal por meio de sua Delegacia em Salgueiro\/PE vem promovendo a\u00e7\u00f5es de identifica\u00e7\u00e3o e consequente erradica\u00e7\u00e3o de plantios de maconha no sert\u00e3o pernambucano. Tais medidas fazem parte das estrat\u00e9gias adotadas pela Coordena\u00e7\u00e3o-Geral de Repress\u00e3o a Drogas, Armas, Crimes Contra o Patrim\u00f4nio, e Fac\u00e7\u00f5es Criminosas-CGPRE, \u00d3rg\u00e3o Central da Pol\u00edcia Federal em Bras\u00edlia\/DF e Superintend\u00eancia Regional em Pernambuco, com o objetivo de extinguir a produ\u00e7\u00e3o e oferta de maconha no sert\u00e3o Pernambucano.<\/span><\/p>\n<p>Desta vez, foram destru\u00eddas na Divisa entre AL e BA, na regi\u00e3o de Delmiro Gouveia, cerca de 2 toneladas de maconha gourmet-infloresc\u00eancia, [Com alto poder de THC &#8211; princ\u00edpio ativo] avaliada em cerca de 7 milh\u00f5es de reais<\/p>\n<p>Assim, com essas opera\u00e7\u00f5es consecutivas, a Pol\u00edcia Federal contribui significativamente para o desabastecimento dos pontos de venda de droga em nosso Estado como tamb\u00e9m em outros Estados da regi\u00e3o Nordeste, evitando, assim, a escalada da viol\u00eancia, refletida na pr\u00e1tica de roubos, furtos, homic\u00eddios, latroc\u00ednios, guerra pelo dom\u00ednio dos territ\u00f3rios de drogas, dentre outros crimes violentos que giram em torno do tr\u00e1fico de drogas.\u00a0<br \/>Siga o Instagram @portaledvaldomagalhaes<br \/>Foto: Divulga\u00e7\u00e3o\/PF<\/p>\n\n\n<p><\/p>\n","protected":false},"excerpt":{"rendered":"<p>A Pol\u00edcia Federal por meio de sua Delegacia em Salgueiro\/PE vem promovendo a\u00e7\u00f5es de identifica\u00e7\u00e3o e consequente erradica\u00e7\u00e3o de plantios&hellip;<\/p>\n","protected":false},"author":1,"featured_media":128808,"comment_status":"closed","ping_status":"open","sticky":false,"template":"","format":"standard","meta":{"footnotes":""},"categories":[14121],"tags":[13146,34634],"class_list":["post-128807","post","type-post","status-publish","format-standard","has-post-thumbnail","hentry","category-policial","tag-blog-edvaldo-magalhaes","tag-portal-edvaldo-magalhaes"],"_links":{"self":[{"href":"https:\/\/blogdoedvaldomagalhaes.com.br\/index.php\/wp-json\/wp\/v2\/posts\/128807","targetHints":{"allow":["GET"]}}],"collection":[{"href":"https:\/\/blogdoedvaldomagalhaes.com.br\/index.php\/wp-json\/wp\/v2\/posts"}],"about":[{"href":"https:\/\/blogdoedvaldomagalhaes.com.br\/index.php\/wp-json\/wp\/v2\/types\/post"}],"author":[{"embeddable":true,"href":"https:\/\/blogdoedvaldomagalhaes.com.br\/index.php\/wp-json\/wp\/v2\/users\/1"}],"replies":[{"embeddable":true,"href":"https:\/\/blogdoedvaldomagalhaes.com.br\/index.php\/wp-json\/wp\/v2\/comments?post=128807"}],"version-history":[{"count":1,"href":"https:\/\/blogdoedvaldomagalhaes.com.br\/index.php\/wp-json\/wp\/v2\/posts\/128807\/revisions"}],"predecessor-version":[{"id":128809,"href":"https:\/\/blogdoedvaldomagalhaes.com.br\/index.php\/wp-json\/wp\/v2\/posts\/128807\/revisions\/128809"}],"wp:featuredmedia":[{"embeddable":true,"href":"https:\/\/blogdoedvaldomagalhaes.com.br\/index.php\/wp-json\/wp\/v2\/media\/128808"}],"wp:attachment":[{"href":"https:\/\/blogdoedvaldomagalhaes.com.br\/index.php\/wp-json\/wp\/v2\/media?parent=128807"}],"wp:term":[{"taxonomy":"category","embeddable":true,"href":"https:\/\/blogdoedvaldomagalhaes.com.br\/index.php\/wp-json\/wp\/v2\/categories?post=128807"},{"taxonomy":"post_tag","embeddable":true,"href":"https:\/\/blogdoedvaldomagalhaes.com.br\/index.php\/wp-json\/wp\/v2\/tags?post=128807"}],"curies":[{"name":"wp","href":"https:\/\/api.w.org\/{rel}","templated":true}]}}