{"id":128802,"date":"2026-04-26T11:38:08","date_gmt":"2026-04-26T14:38:08","guid":{"rendered":"https:\/\/blogdoedvaldomagalhaes.com.br\/?p=128802"},"modified":"2026-04-26T11:44:43","modified_gmt":"2026-04-26T14:44:43","slug":"lideranca-reconhecida-no-encerramento-do-24o-festival-do-jeans-edilson-tavares-recebe-homenagem-da-acit","status":"publish","type":"post","link":"https:\/\/blogdoedvaldomagalhaes.com.br\/index.php\/2026\/04\/26\/lideranca-reconhecida-no-encerramento-do-24o-festival-do-jeans-edilson-tavares-recebe-homenagem-da-acit\/","title":{"rendered":"Lideran\u00e7a reconhecida: No encerramento do 24\u00ba Festival do Jeans, Edilson Tavares recebe homenagem da ACIT"},"content":{"rendered":"<p><span style=\"font-size: revert;\">Fundador e ex-presidente da Associa\u00e7\u00e3o Comercial e Industrial de Toritama (ACIT), Edilson Tavares recebeu uma homenagem especial da entidade em reconhecimento \u00e0 sua trajet\u00f3ria, vis\u00e3o empreendedora e contribui\u00e7\u00e3o decisiva para o fortalecimento do com\u00e9rcio, da ind\u00fastria local e do Polo das Confec\u00e7\u00f5es.<\/span><\/p>\n<p>A honraria refor\u00e7a a import\u00e2ncia de Edilson na constru\u00e7\u00e3o da hist\u00f3ria do associativismo em Toritama e no desenvolvimento do Polo de Confec\u00e7\u00f5es, setor que transformou a economia regional e consolidou o munic\u00edpio como refer\u00eancia nacional no segmento do jeans. Conhecedor profundo das necessidades e potencialidades do polo, Edilson sempre esteve \u00e0 frente das principais pautas que impulsionaram o crescimento econ\u00f4mico da Capital do Jeans. Ex-prefeito de Toritama por dois mandatos, ele hoje \u00e9 pr\u00e9-candidato a deputado federal e pretende representar a regi\u00e3o na C\u00e2mara Federal.<\/p>\n<p>Ao entregar a homenagem, o presidente da ACIT, Luan Leit\u00e3o, destacou o legado deixado por Edilson para a entidade e para toda a cidade. &#8220;Essa \u00e9 uma homenagem para ele, que foi nosso primeiro presidente e o idealizador de todo esse Festival. Edilson \u00e9 uma inspira\u00e7\u00e3o para todos n\u00f3s.&#8221;<\/p>\n<p>A placa entregue pela ACIT reconhece seu legado como fundador da institui\u00e7\u00e3o e ressalta que sua dedica\u00e7\u00e3o, vis\u00e3o e compromisso foram fundamentais para fortalecer o ambiente de neg\u00f3cios em Toritama e impulsionar o desenvolvimento econ\u00f4mico do munic\u00edpio.<\/p>\n<p>&#8220;Gratid\u00e3o. Essa \u00e9 a palavra que melhor traduz tudo o que estou vivendo no Festival. Sempre que estou aqui, um filme passa pela minha cabe\u00e7a. E eu sempre digo: dar o primeiro passo \u00e9 essencial, mas ele, sozinho, n\u00e3o basta. \u00c9 preciso ter coragem para continuar, perseveran\u00e7a para seguir em frente e compromisso para construir algo que permane\u00e7a.<br \/>Receber essa homenagem da ACIT, na passarela do maior Festival do Jeans de todos os tempos, \u00e9 uma emo\u00e7\u00e3o indescrit\u00edvel. Ser reconhecido pela entidade que representa a for\u00e7a empreendedora de Toritama tem um significado especial. \u00c9 a certeza de que nossa hist\u00f3ria, constru\u00edda com trabalho e dedica\u00e7\u00e3o, continua inspirando o desenvolvimento da nossa terra e do Polo das Confec\u00e7\u00f5es&#8221;, afirmou Edilson. \u00a0<br \/>Siga o Instagram @portaledvaldomagalhaes<br \/>Foto: Divulga\u00e7\u00e3o\/Assessoria<\/p>\n\n\n<p><\/p>\n","protected":false},"excerpt":{"rendered":"<p>Fundador e ex-presidente da Associa\u00e7\u00e3o Comercial e Industrial de Toritama (ACIT), Edilson Tavares recebeu uma homenagem especial da entidade em&hellip;<\/p>\n","protected":false},"author":1,"featured_media":128803,"comment_status":"closed","ping_status":"open","sticky":false,"template":"","format":"standard","meta":{"footnotes":""},"categories":[14120],"tags":[13146,3307,36387,36301,34634],"class_list":["post-128802","post","type-post","status-publish","format-standard","has-post-thumbnail","hentry","category-noticias","tag-blog-edvaldo-magalhaes","tag-edilson-tavares","tag-festival-do-jeans-de-toritama","tag-fjt","tag-portal-edvaldo-magalhaes"],"_links":{"self":[{"href":"https:\/\/blogdoedvaldomagalhaes.com.br\/index.php\/wp-json\/wp\/v2\/posts\/128802","targetHints":{"allow":["GET"]}}],"collection":[{"href":"https:\/\/blogdoedvaldomagalhaes.com.br\/index.php\/wp-json\/wp\/v2\/posts"}],"about":[{"href":"https:\/\/blogdoedvaldomagalhaes.com.br\/index.php\/wp-json\/wp\/v2\/types\/post"}],"author":[{"embeddable":true,"href":"https:\/\/blogdoedvaldomagalhaes.com.br\/index.php\/wp-json\/wp\/v2\/users\/1"}],"replies":[{"embeddable":true,"href":"https:\/\/blogdoedvaldomagalhaes.com.br\/index.php\/wp-json\/wp\/v2\/comments?post=128802"}],"version-history":[{"count":2,"href":"https:\/\/blogdoedvaldomagalhaes.com.br\/index.php\/wp-json\/wp\/v2\/posts\/128802\/revisions"}],"predecessor-version":[{"id":128806,"href":"https:\/\/blogdoedvaldomagalhaes.com.br\/index.php\/wp-json\/wp\/v2\/posts\/128802\/revisions\/128806"}],"wp:featuredmedia":[{"embeddable":true,"href":"https:\/\/blogdoedvaldomagalhaes.com.br\/index.php\/wp-json\/wp\/v2\/media\/128803"}],"wp:attachment":[{"href":"https:\/\/blogdoedvaldomagalhaes.com.br\/index.php\/wp-json\/wp\/v2\/media?parent=128802"}],"wp:term":[{"taxonomy":"category","embeddable":true,"href":"https:\/\/blogdoedvaldomagalhaes.com.br\/index.php\/wp-json\/wp\/v2\/categories?post=128802"},{"taxonomy":"post_tag","embeddable":true,"href":"https:\/\/blogdoedvaldomagalhaes.com.br\/index.php\/wp-json\/wp\/v2\/tags?post=128802"}],"curies":[{"name":"wp","href":"https:\/\/api.w.org\/{rel}","templated":true}]}}