{"id":1288,"date":"2018-09-17T22:49:00","date_gmt":"2018-09-18T01:49:00","guid":{"rendered":"http:\/\/blogdoedvaldomagalhaes.com.br\/index.php\/2018\/09\/17\/candidatura-de-jose-queiroz-e-liberada\/"},"modified":"2019-02-09T02:31:15","modified_gmt":"2019-02-09T04:31:15","slug":"candidatura-de-jose-queiroz-e-liberada","status":"publish","type":"post","link":"https:\/\/blogdoedvaldomagalhaes.com.br\/index.php\/2018\/09\/17\/candidatura-de-jose-queiroz-e-liberada\/","title":{"rendered":"Candidatura de Jos\u00e9 Queiroz \u00e9 liberada pelo Tribunal Regional Eleitoral"},"content":{"rendered":"<div class=\"separator\" style=\"clear: both; text-align: center;\">\n<a href=\"https:\/\/1.bp.blogspot.com\/-o9JUnVgpFw0\/W6AvJ8-PklI\/AAAAAAAA6F0\/g71ziISvlQER3BcUjWcy9SszN3kU33ECQCLcBGAs\/s1600\/z%25C3%25A9.jpg\" imageanchor=\"1\" style=\"margin-left: 1em; margin-right: 1em;\"><img loading=\"lazy\" decoding=\"async\" border=\"0\" data-original-height=\"350\" data-original-width=\"359\" height=\"624\" src=\"http:\/\/blogdoedvaldomagalhaes.com.br\/wp-content\/uploads\/2018\/09\/zC3A9.jpg\" width=\"640\" \/><\/a><\/div>\n<div style=\"background-color: white; border: 0px; margin-bottom: 1.5em; outline: 0px; padding: 0px; text-align: justify; vertical-align: baseline;\">\n<\/div>\n<div style=\"background-color: white; border: 0px; margin-bottom: 1.5em; outline: 0px; padding: 0px; text-align: justify; vertical-align: baseline;\">\nO ex-prefeito de Caruaru, Z\u00e9 Queiroz (PDT), conseguiu uma importante vit\u00f3ria no Tribunal Regional Eleitoral de Pernambuco. Por 6 votos a 0 a candidatura dele a deputado estadual foi deferida e ele est\u00e1 apto para disputar a elei\u00e7\u00e3o.<\/div>\n<div style=\"background-color: white; border: 0px; margin-bottom: 1.5em; outline: 0px; padding: 0px; text-align: justify; vertical-align: baseline;\">\nO Minist\u00e9rio P\u00fablico Eleitoral havia pedido o indeferimento da candidatura. O ex-prefeito dobra na cidade com o filho dele e candidato a deputado federal Wolney Queiroz.<\/div>\n<div style=\"background-color: white; border: 0px; margin-bottom: 1.5em; outline: 0px; padding: 0px; text-align: justify; vertical-align: baseline;\">\nFonte: Blog do M\u00e1rio Fl\u00e1vio.<\/div>\n","protected":false},"excerpt":{"rendered":"<p>O ex-prefeito de Caruaru, Z\u00e9 Queiroz (PDT), conseguiu uma importante vit\u00f3ria no Tribunal Regional Eleitoral de Pernambuco. Por 6 votos&hellip;<\/p>\n","protected":false},"author":1,"featured_media":0,"comment_status":"open","ping_status":"open","sticky":false,"template":"","format":"standard","meta":{"footnotes":""},"categories":[1],"tags":[2,1249,20],"class_list":["post-1288","post","type-post","status-publish","format-standard","hentry","category-sem-categoria","tag-blog-do-edvaldo-magalhaes","tag-candidatura-de-jose-queiroz-e-liberada-pelo-tribunal-regional-eleitoral","tag-politica"],"_links":{"self":[{"href":"https:\/\/blogdoedvaldomagalhaes.com.br\/index.php\/wp-json\/wp\/v2\/posts\/1288","targetHints":{"allow":["GET"]}}],"collection":[{"href":"https:\/\/blogdoedvaldomagalhaes.com.br\/index.php\/wp-json\/wp\/v2\/posts"}],"about":[{"href":"https:\/\/blogdoedvaldomagalhaes.com.br\/index.php\/wp-json\/wp\/v2\/types\/post"}],"author":[{"embeddable":true,"href":"https:\/\/blogdoedvaldomagalhaes.com.br\/index.php\/wp-json\/wp\/v2\/users\/1"}],"replies":[{"embeddable":true,"href":"https:\/\/blogdoedvaldomagalhaes.com.br\/index.php\/wp-json\/wp\/v2\/comments?post=1288"}],"version-history":[{"count":1,"href":"https:\/\/blogdoedvaldomagalhaes.com.br\/index.php\/wp-json\/wp\/v2\/posts\/1288\/revisions"}],"predecessor-version":[{"id":34129,"href":"https:\/\/blogdoedvaldomagalhaes.com.br\/index.php\/wp-json\/wp\/v2\/posts\/1288\/revisions\/34129"}],"wp:attachment":[{"href":"https:\/\/blogdoedvaldomagalhaes.com.br\/index.php\/wp-json\/wp\/v2\/media?parent=1288"}],"wp:term":[{"taxonomy":"category","embeddable":true,"href":"https:\/\/blogdoedvaldomagalhaes.com.br\/index.php\/wp-json\/wp\/v2\/categories?post=1288"},{"taxonomy":"post_tag","embeddable":true,"href":"https:\/\/blogdoedvaldomagalhaes.com.br\/index.php\/wp-json\/wp\/v2\/tags?post=1288"}],"curies":[{"name":"wp","href":"https:\/\/api.w.org\/{rel}","templated":true}]}}